{"id":78690,"date":"2026-09-06T11:09:58","date_gmt":"2026-09-06T11:09:58","guid":{"rendered":"https:\/\/comandogeraldanoticia.com.br\/?p=78690"},"modified":"2026-09-06T11:09:59","modified_gmt":"2026-09-06T11:09:59","slug":"mais-de-100-mil-produtores-rurais-com-perdas-de-safra-podem-renegociar-dividas-com-o-bnb","status":"publish","type":"post","link":"https:\/\/comandogeraldanoticia.com.br\/index.php\/2026\/09\/06\/mais-de-100-mil-produtores-rurais-com-perdas-de-safra-podem-renegociar-dividas-com-o-bnb\/","title":{"rendered":"Mais de 100 mil produtores rurais com perdas de safra podem renegociar d\u00edvidas com o BNB"},"content":{"rendered":"\n<p>Foto: Imagem em IA<\/p>\n\n\n\n<p>Mais de 100 mil produtores rurais que sofreram perda de renda nas \u00faltimas safras em virtude de eventos clim\u00e1ticos ou de quest\u00f5es<\/p>\n\n\n\n<p>econ\u00f4micas que impactaram a comercializa\u00e7\u00e3o podem renegociar suas d\u00edvidas junto ao Banco do Nordeste (BNB) a partir deste m\u00eas de setembro.<\/p>\n\n\n\n<p>As novas condi\u00e7\u00f5es foram autorizadas pelo Medida Provis\u00f3ria 1.376\/2026 e alcan\u00e7a mais de 117 mil opera\u00e7\u00f5es de cr\u00e9dito em toda a Regi\u00e3o Nordeste e em partes dos estados de Minas Gerais e do Esp\u00edrito Santo, \u00e1rea de atua\u00e7\u00e3o do BNB. O prazo final para ades\u00e3o \u00e9 12 de novembro deste ano.<\/p>\n\n\n\n<p>AbrirConta Banc\u00e1ria<\/p>\n\n\n\n<p>Est\u00e3o enquadrados como benefici\u00e1rios da Medida os produtores do agroneg\u00f3cio e da agricultura familiar ou cooperativas de produ\u00e7\u00e3o agropecu\u00e1ria que registraram perdas em pelo menos duas safras entre 2019 e 2025 ou que tiveram redu\u00e7\u00e3o m\u00ednima de 30% da renda bruta agropecu\u00e1ria esperada. Os impactos devem ser comprovados por meio de laudo emitido por profissional legalmente habilitado, com ateste de que as perdas foram oriundas de eventos clim\u00e1ticos e\/ou redu\u00e7\u00e3o relevante de pre\u00e7os de mercado.<\/p>\n\n\n\n<p>Podem ser renegociadas d\u00edvidas de opera\u00e7\u00f5es de investimento com parcelas vencidas ou a vencer entre 1\u00ba de janeiro de 2024 e 31 de dezembro de 2026. Tamb\u00e9m s\u00e3o beneficiadas opera\u00e7\u00f5es de custeio, comercializa\u00e7\u00e3o e industrializa\u00e7\u00e3o e de investimento que tenham sido contratadas at\u00e9 31 de dezembro de 2025 e est\u00e3o inadimplentes desde 1\u00ba de janeiro de 2024, tendo permanecido em d\u00e9bito at\u00e9 31 de maio de 2026.<\/p>\n\n\n\n<p>D\u00edvidas j\u00e1 renegociadas ou prorrogadas at\u00e9 31 de maio deste ano e que estejam em dias tamb\u00e9m podem ter acesso \u00e0s novas condi\u00e7\u00f5es de regulariza\u00e7\u00e3o. O prazo para pagamento dos d\u00e9bitos pode ser de at\u00e9 dez anos, de acordo com a situa\u00e7\u00e3o de cada empreendimento rural, com car\u00eancia de um ano para in\u00edcio do pagamento do principal.<\/p>\n\n\n\n<p>Na Bahia, mais de 13,3 mil produtores respons\u00e1veis por 15 mil opera\u00e7\u00f5es de cr\u00e9dito podem ser beneficiados com as vantagens da renegocia\u00e7\u00e3o de d\u00edvidas. &#8220;A ades\u00e3o representa uma oportunidade concreta para que os produtores rurais que sofreram com condi\u00e7\u00f5es adversas reorganizem sua vida financeira, preservem sua capacidade produtiva e retomem o crescimento de suas atividades&#8221;, destaca o superintendente estadual em exerc\u00edcio do Banco do Nordeste na Bahia, Redson Mamona.<\/p>\n\n\n\n<p>A ades\u00e3o \u00e0 renegocia\u00e7\u00e3o amparada pela MP 1.376\/2026 pode ser feita at\u00e9 o dia 12 de novembro de 2026. Os interessados podem procurar sua ag\u00eancia do Banco do Nordeste de relacionamento ou entrar em contato pelos canais digitais da institui\u00e7\u00e3o financeira: Portal BNB ou Whatsapp (85) 4020-0004.<br>AbrirConta Banc\u00e1ria<\/p>\n","protected":false},"excerpt":{"rendered":"<p>Foto: Imagem em IA Mais de 100 mil produtores rurais que sofreram perda de renda nas \u00faltimas safras em virtude de eventos clim\u00e1ticos ou de quest\u00f5es econ\u00f4micas que impactaram a comercializa\u00e7\u00e3o podem renegociar suas d\u00edvidas junto ao Banco do Nordeste (BNB) a partir deste m\u00eas de setembro. As novas condi\u00e7\u00f5es foram autorizadas pelo Medida Provis\u00f3ria<\/p>\n","protected":false},"author":5,"featured_media":78691,"comment_status":"open","ping_status":"open","sticky":false,"template":"","format":"standard","meta":{"om_disable_all_campaigns":false,"_monsterinsights_skip_tracking":false,"footnotes":""},"categories":[43],"tags":[],"class_list":{"0":"post-78690","1":"post","2":"type-post","3":"status-publish","4":"format-standard","5":"has-post-thumbnail","7":"category-economia"},"_links":{"self":[{"href":"https:\/\/comandogeraldanoticia.com.br\/index.php\/wp-json\/wp\/v2\/posts\/78690","targetHints":{"allow":["GET"]}}],"collection":[{"href":"https:\/\/comandogeraldanoticia.com.br\/index.php\/wp-json\/wp\/v2\/posts"}],"about":[{"href":"https:\/\/comandogeraldanoticia.com.br\/index.php\/wp-json\/wp\/v2\/types\/post"}],"author":[{"embeddable":true,"href":"https:\/\/comandogeraldanoticia.com.br\/index.php\/wp-json\/wp\/v2\/users\/5"}],"replies":[{"embeddable":true,"href":"https:\/\/comandogeraldanoticia.com.br\/index.php\/wp-json\/wp\/v2\/comments?post=78690"}],"version-history":[{"count":1,"href":"https:\/\/comandogeraldanoticia.com.br\/index.php\/wp-json\/wp\/v2\/posts\/78690\/revisions"}],"predecessor-version":[{"id":78692,"href":"https:\/\/comandogeraldanoticia.com.br\/index.php\/wp-json\/wp\/v2\/posts\/78690\/revisions\/78692"}],"wp:featuredmedia":[{"embeddable":true,"href":"https:\/\/comandogeraldanoticia.com.br\/index.php\/wp-json\/wp\/v2\/media\/78691"}],"wp:attachment":[{"href":"https:\/\/comandogeraldanoticia.com.br\/index.php\/wp-json\/wp\/v2\/media?parent=78690"}],"wp:term":[{"taxonomy":"category","embeddable":true,"href":"https:\/\/comandogeraldanoticia.com.br\/index.php\/wp-json\/wp\/v2\/categories?post=78690"},{"taxonomy":"post_tag","embeddable":true,"href":"https:\/\/comandogeraldanoticia.com.br\/index.php\/wp-json\/wp\/v2\/tags?post=78690"}],"curies":[{"name":"wp","href":"https:\/\/api.w.org\/{rel}","templated":true}]}}