{"id":78687,"date":"2026-09-06T11:06:36","date_gmt":"2026-09-06T11:06:36","guid":{"rendered":"https:\/\/comandogeraldanoticia.com.br\/?p=78687"},"modified":"2026-09-06T11:06:36","modified_gmt":"2026-09-06T11:06:36","slug":"gilmar-oficializa-proposta-para-proibir-integrantes-da-policia-federal-em-gabinetes-do-stf","status":"publish","type":"post","link":"https:\/\/comandogeraldanoticia.com.br\/index.php\/2026\/09\/06\/gilmar-oficializa-proposta-para-proibir-integrantes-da-policia-federal-em-gabinetes-do-stf\/","title":{"rendered":"Gilmar oficializa proposta para proibir integrantes da Pol\u00edcia Federal em gabinetes do STF"},"content":{"rendered":"\n<p>Foto: Antonio Augusto\/STF<\/p>\n\n\n\n<p>O ministro Gilmar Mendes, do Supremo Tribunal Federal (STF) formalizou neste s\u00e1bado (5) uma proposta para proibir que policiais e militares possam atuar nos gabinetes dos ministros, como servidores cedidos.<br>Como mostrou o blog do jornalista Valdo Cruz, Mendes j\u00e1 havia apresentado ao presidente do STF, ministro Edson Fachin, a ideia de proibir delegados da Pol\u00edcia Federal (PF) nestas fun\u00e7\u00f5es.<\/p>\n\n\n\n<p>A mudan\u00e7a \u00e9 vista como fator que pode ampliar os embates e desgastes internos no Supremo em meio \u00e0 escalada da crise em torno de atos dos ministros Alexandre de Moraes e Andr\u00e9 Mendon\u00e7a.<\/p>\n\n\n\n<p>Na proposta formalizada, o ministro expande a proibi\u00e7\u00e3o para outras for\u00e7as policiais e militares. Est\u00e3o abrangidas pela proposta:<\/p>\n\n\n\n<pre class=\"wp-block-code\"><code>militares das For\u00e7as Armadas;\nPol\u00edcia Federal;\nPol\u00edcia Rodovi\u00e1ria Federal;\npol\u00edcias civis dos estados;\npol\u00edcias militares e corpos de bombeiros militares dos estados; e\npol\u00edcias penais federal, estaduais e distrital.<\/code><\/pre>\n\n\n\n<p>Atualmente, dois delegados da PF assessoram o ministro Andr\u00e9 Mendon\u00e7a, relator de casos sens\u00edveis na Corte, como apura\u00e7\u00f5es do Master, fraudes no INSS e Lulinha. Alexandre de Moraes conta com outros dois.<\/p>\n\n\n\n<p>A poss\u00edvel sa\u00edda de delegados dos gabinetes foi um dos motivos do embate entre Mendon\u00e7a e o diretor-geral da PF, Andrei Rodrigues. Segundo interlocutores, Mendon\u00e7a identificava a tentativa de retirar delegados de seu gabinete como uma busca de interferir nas investiga\u00e7\u00f5es em andamento.<\/p>\n\n\n\n<p>Uma das cr\u00edticas \u00e0 perman\u00eancia de delegados no Supremo \u00e9 de que eles poderiam acabar interferindo no ritmo das investiga\u00e7\u00f5es, sendo que cabe ao ministro do Supremo fazer a supervis\u00e3o dos inqu\u00e9ritos.<\/p>\n\n\n\n<pre class=\"wp-block-code\"><code>A interlocutores, o ministro Gilmar Mendes disse que os gabinetes de ministros do STF estariam se transformando em delegacias de pol\u00edcia, com decis\u00f5es de investiga\u00e7\u00f5es passando a ser tomadas pelo tribunal, e n\u00e3o pela Pol\u00edcia Federal.<\/code><\/pre>\n\n\n\n<p>Gilmar Mendes esteve na \u00faltima ter\u00e7a-feira (1\u00ba) com o presidente Lula para uma conversa sobre a &#8220;crise Master&#8221; no STF, que vem atingindo tamb\u00e9m a PF.<\/p>\n\n\n\n<p>Segundo apurou o blog, o ministro do STF disse a Lula considerar que o governo demorou a agir para evitar que a crise entre o gabinete do ministro Andr\u00e9 Mendon\u00e7a e o diretor-geral da PF, Andrei Rodrigues, se agravasse. O que acabou acontecendo.<\/p>\n\n\n\n<p>Lula tamb\u00e9m conversou com o presidente do STF, Edson Fachin, na ter\u00e7a-feira (1\u00ba). O petista conversou com os magistrados para sentir a temperatura da crise dentro do Supremo.<\/p>\n\n\n\n<p>O presidente da Rep\u00fablica deve dar declara\u00e7\u00f5es, em breve, reconhecendo o clima de crise e defendendo uma reforma no Judici\u00e1rio e na pol\u00edtica. Dir\u00e1 ainda que ningu\u00e9m pode estar &#8220;acima da lei&#8221;, sem se referir diretamente ao ministro Alexandre de Moraes.<\/p>\n\n\n\n<p>O ministro Andr\u00e9 Mendon\u00e7a retirou o sigilo de um relat\u00f3rio da PF sobre troca de mensagens entre o banqueiro Daniel Vorcaro e o ministro Alexandre de Moraes depois de ser criticado por solicitar \u00e0 Procuradoria-Geral da Rep\u00fablica parecer sobre o documento elaborado pelos investigadores. Nele, a PF diz que o destinat\u00e1rio das mensagens do banqueiro era, sim, Moraes.<\/p>\n\n\n\n<p>Servi\u00e7osbanc\u00e1rios<\/p>\n\n\n\n<p>A PGR respondeu ao relator do caso Master considerar o procedimento nulo, alegando que apenas a PF e o Minist\u00e9rio P\u00fablico podem solicitar uma investiga\u00e7\u00e3o de um ministro do STF, que precisa ser aprovada pelo plen\u00e1rio do Supremo.<\/p>\n\n\n\n<p>Fonte G1<\/p>\n","protected":false},"excerpt":{"rendered":"<p>Foto: Antonio Augusto\/STF O ministro Gilmar Mendes, do Supremo Tribunal Federal (STF) formalizou neste s\u00e1bado (5) uma proposta para proibir que policiais e militares possam atuar nos gabinetes dos ministros, como servidores cedidos.Como mostrou o blog do jornalista Valdo Cruz, Mendes j\u00e1 havia apresentado ao presidente do STF, ministro Edson Fachin, a ideia de proibir<\/p>\n","protected":false},"author":5,"featured_media":78688,"comment_status":"open","ping_status":"open","sticky":false,"template":"","format":"standard","meta":{"om_disable_all_campaigns":false,"_monsterinsights_skip_tracking":false,"footnotes":""},"categories":[71],"tags":[],"class_list":{"0":"post-78687","1":"post","2":"type-post","3":"status-publish","4":"format-standard","5":"has-post-thumbnail","7":"category-politica"},"_links":{"self":[{"href":"https:\/\/comandogeraldanoticia.com.br\/index.php\/wp-json\/wp\/v2\/posts\/78687","targetHints":{"allow":["GET"]}}],"collection":[{"href":"https:\/\/comandogeraldanoticia.com.br\/index.php\/wp-json\/wp\/v2\/posts"}],"about":[{"href":"https:\/\/comandogeraldanoticia.com.br\/index.php\/wp-json\/wp\/v2\/types\/post"}],"author":[{"embeddable":true,"href":"https:\/\/comandogeraldanoticia.com.br\/index.php\/wp-json\/wp\/v2\/users\/5"}],"replies":[{"embeddable":true,"href":"https:\/\/comandogeraldanoticia.com.br\/index.php\/wp-json\/wp\/v2\/comments?post=78687"}],"version-history":[{"count":1,"href":"https:\/\/comandogeraldanoticia.com.br\/index.php\/wp-json\/wp\/v2\/posts\/78687\/revisions"}],"predecessor-version":[{"id":78689,"href":"https:\/\/comandogeraldanoticia.com.br\/index.php\/wp-json\/wp\/v2\/posts\/78687\/revisions\/78689"}],"wp:featuredmedia":[{"embeddable":true,"href":"https:\/\/comandogeraldanoticia.com.br\/index.php\/wp-json\/wp\/v2\/media\/78688"}],"wp:attachment":[{"href":"https:\/\/comandogeraldanoticia.com.br\/index.php\/wp-json\/wp\/v2\/media?parent=78687"}],"wp:term":[{"taxonomy":"category","embeddable":true,"href":"https:\/\/comandogeraldanoticia.com.br\/index.php\/wp-json\/wp\/v2\/categories?post=78687"},{"taxonomy":"post_tag","embeddable":true,"href":"https:\/\/comandogeraldanoticia.com.br\/index.php\/wp-json\/wp\/v2\/tags?post=78687"}],"curies":[{"name":"wp","href":"https:\/\/api.w.org\/{rel}","templated":true}]}}