{"id":78684,"date":"2026-09-06T11:04:12","date_gmt":"2026-09-06T11:04:12","guid":{"rendered":"https:\/\/comandogeraldanoticia.com.br\/?p=78684"},"modified":"2026-09-06T11:04:13","modified_gmt":"2026-09-06T11:04:13","slug":"criatividade-e-expectativa-tomam-conta-de-escolas-de-camacari-nos-preparativos-para-o-desfile-de-7-de-setembro","status":"publish","type":"post","link":"https:\/\/comandogeraldanoticia.com.br\/index.php\/2026\/09\/06\/criatividade-e-expectativa-tomam-conta-de-escolas-de-camacari-nos-preparativos-para-o-desfile-de-7-de-setembro\/","title":{"rendered":"Criatividade e expectativa tomam conta de escolas de Cama\u00e7ari nos preparativos para o desfile de 7 de Setembro"},"content":{"rendered":"\n<p>Tesouras, enfeites, adere\u00e7os, cola e muita criatividade. Nas escolas de Cama\u00e7ari, os \u00faltimos dias antes do desfile c\u00edvico de 7 de Setembro t\u00eam sido de muita movimenta\u00e7\u00e3o. Como \u00e9 tradicional, o evento acontece na pr\u00f3xima segunda-feira (7), durante a manh\u00e3, no bairro Gleba E, e \u00e0 tarde, em Parafuso, reunindo a popula\u00e7\u00e3o para celebrar a Independ\u00eancia do Brasil e apresentar, por meio da arte, da educa\u00e7\u00e3o e da participa\u00e7\u00e3o coletiva, os diferentes saberes e hist\u00f3rias que fazem parte do munic\u00edpio.<\/p>\n\n\n\n<p>As unidades de ensino se transformaram em verdadeiros centros de produ\u00e7\u00e3o, com estudantes, professores, gestores e comunidade escolar envolvidos na confec\u00e7\u00e3o de fantasias, ornamenta\u00e7\u00f5es e itens que v\u00e3o dar vida ao tema norteador do evento em 2026: \u201cCama\u00e7ari Educadora: Comunica\u00e7\u00e3o e Colabora\u00e7\u00e3o. Pot\u00eancias que Conectam os Saberes dos Territ\u00f3rios\u201d.<\/p>\n\n\n\n<p>Na Escola Municipal Experimental Professora Marina Tavares, na Gleba E, por exemplo, os estudantes levar\u00e3o para a avenida a tem\u00e1tica \u201cSankofa: dos quilombos brasileiros aos reinos africanos\u201d, que j\u00e1 vem sendo trabalhado pela unidade ao longo de todo o ano letivo, conforme destaca a vice-gestora da unidade, Ilsa Santos Oliveira.<\/p>\n\n\n\n<p>\u201cPosso dizer com categoria que somos uma escola renomada em trabalhar os projetos antirracistas. Buscamos que nossos alunos entendam de onde eles vieram. E, este ano, n\u00f3s estamos trabalhando o projeto Sankofa, intercomunicando com o tema central. Esses territ\u00f3rios que n\u00f3s estamos levando nossos alunos a se verem como protagonistas da sua pr\u00f3pria hist\u00f3ria\u201d, ressalta.<\/p>\n\n\n\n<p>Entre os estudantes, a prepara\u00e7\u00e3o \u00e9 acompanhada por uma expectativa que cresce a cada dia. Para Isabely Vit\u00f3ria Souza dos Santos, 10 anos, aluna do 4\u00ba ano, esta ser\u00e1 a quarta participa\u00e7\u00e3o no desfile. \u201cEssa \u00e9 uma das coisas que mais me alegram, \u00e9 uma oportunidade boa de a gente poder mostrar o que a nossa escola est\u00e1 representando. Estou muito ansiosa para chegar o dia do desfile, acho que eu n\u00e3o vou nem conseguir dormir. Porque \u00e9 muito legal desfilar, parece que voc\u00ea est\u00e1 em um lugar superm\u00e1gico, que \u00e9 muito animado\u201d, diz a garota.<\/p>\n\n\n\n<p>A mobiliza\u00e7\u00e3o para o desfile tamb\u00e9m ultrapassa os muros da escola. Na Marina Tavares, a convite da gest\u00e3o, Cleide Garcia, 49 anos, moradora do Parque Verde II, passou a atuar voluntariamente na confec\u00e7\u00e3o das ornamenta\u00e7\u00f5es. Para ela, a prepara\u00e7\u00e3o deste ano tamb\u00e9m representa uma oportunidade de reviver uma experi\u00eancia que fez parte da inf\u00e2ncia da filha.<\/p>\n\n\n\n<p>\u201cJ\u00e1 estou pedindo que 7 de Setembro chegue. Estou na expectativa para ver na avenida como \u00e9 que vai ficar tudo isso aqui, porque est\u00e1 muito lindo tudo que a gente est\u00e1 fazendo. Tem muita dedica\u00e7\u00e3o e s\u00f3 estamos agora esperando mesmo passar esses poucos dias que faltam para chegar e a escola fazer bonito. Minha \u00fanica rela\u00e7\u00e3o com o desfile era s\u00f3 quando a minha filha desfilava enquanto estava ainda pequena, ent\u00e3o agora terei essa outra experi\u00eancia e estou gostando. J\u00e1 falei que, se precisar, j\u00e1 estou disposta para os pr\u00f3ximos. Quando \u00e9 para a somar, a gente tem que estar assim, junto, principalmente a comunidade\u201d, afirma.<\/p>\n\n\n\n<p>Al\u00e9m da Escola Municipal Experimental Professora Marina Tavares, tamb\u00e9m participar\u00e3o do desfile na Gleba E a Escola Especial do CAIC, o Centro Integrado de Educa\u00e7\u00e3o Infantil (CIEI) Gleba E, o Centro Educacional Sistema Master, o Col\u00e9gio Carpe Diem, o Centro Educacional Municipal de Cama\u00e7ari (CEMC) e a Escola Municipal An\u00edsio Teixeira.<\/p>\n\n\n\n<p>No bairro de Parafuso, a expectativa tamb\u00e9m toma conta das unidades de ensino que participar\u00e3o da programa\u00e7\u00e3o. Na Escola Municipal Concei\u00e7\u00e3o de Maria, os estudantes trabalham o tema \u201cUni\u00e3o de Todos os Cantos: a Diversidade Territorial Construindo a For\u00e7a da Nossa Cidade\u201d.<\/p>\n\n\n\n<p>A gestora da unidade, Marice Gomes, explica que a escola levar\u00e1 como subtema \u201cSaberes de Todos os Cantos, Conex\u00f5es de um S\u00f3 Povo\u201d e contar\u00e1 com tr\u00eas alas. \u201cComo prepara\u00e7\u00e3o, estamos fazendo de tudo, com o envolvimento de todos os professores e toda a equipe, produzindo a todo vapor, com muito g\u00e1s. Ficamos nessa correria e trabalhamos com amor e dedica\u00e7\u00e3o. Cada ano a gente fica mais ansioso e cada ano a gente coloca um desfile melhor na rua, porque os profissionais aqui s\u00e3o de excel\u00eancia\u201d, enfatiza.<\/p>\n\n\n\n<p>Para os estudantes, o trabalho realizado no dia-a-dia tamb\u00e9m j\u00e1 se mistura \u00e0 expectativa de chegar o momento de desfilar, como conta Adriel Souza da Silva, 9 anos, aluno do 3\u00ba ano. \u201cAdoro participar e \u00e9 divertido. Acho bem legal. Este ano a gente est\u00e1 se preparando, fazendo ensaios e estou animado para chegar logo\u201d.<\/p>\n\n\n\n<p>Colega de turma, Lara Farias, 8 anos, tamb\u00e9m participa dos desfiles todos os anos. \u201cEu adoro. Gosto principalmente de ver as fanfarras. E a sensa\u00e7\u00e3o de apresentar me deixa bem alegre. Estamos fazendo atividades e ensaiando para, quando a gente for desfilar, ser bem bonito\u201d, diz.<\/p>\n\n\n\n<p>Em Parafuso, al\u00e9m da Escola Municipal Concei\u00e7\u00e3o de Maria, tamb\u00e9m participar\u00e3o do desfile c\u00edvico de 7 de Setembro a Creche Comunit\u00e1ria de Parafuso e a Escola Municipal Eust\u00e1quio Alves de Santana.<\/p>\n\n\n\n<p>Fotos: Juliano Sarraf<\/p>\n","protected":false},"excerpt":{"rendered":"<p>Tesouras, enfeites, adere\u00e7os, cola e muita criatividade. Nas escolas de Cama\u00e7ari, os \u00faltimos dias antes do desfile c\u00edvico de 7 de Setembro t\u00eam sido de muita movimenta\u00e7\u00e3o. Como \u00e9 tradicional, o evento acontece na pr\u00f3xima segunda-feira (7), durante a manh\u00e3, no bairro Gleba E, e \u00e0 tarde, em Parafuso, reunindo a popula\u00e7\u00e3o para celebrar a<\/p>\n","protected":false},"author":5,"featured_media":78685,"comment_status":"open","ping_status":"open","sticky":false,"template":"","format":"standard","meta":{"om_disable_all_campaigns":false,"_monsterinsights_skip_tracking":false,"footnotes":""},"categories":[44],"tags":[],"class_list":{"0":"post-78684","1":"post","2":"type-post","3":"status-publish","4":"format-standard","5":"has-post-thumbnail","7":"category-example-6"},"_links":{"self":[{"href":"https:\/\/comandogeraldanoticia.com.br\/index.php\/wp-json\/wp\/v2\/posts\/78684","targetHints":{"allow":["GET"]}}],"collection":[{"href":"https:\/\/comandogeraldanoticia.com.br\/index.php\/wp-json\/wp\/v2\/posts"}],"about":[{"href":"https:\/\/comandogeraldanoticia.com.br\/index.php\/wp-json\/wp\/v2\/types\/post"}],"author":[{"embeddable":true,"href":"https:\/\/comandogeraldanoticia.com.br\/index.php\/wp-json\/wp\/v2\/users\/5"}],"replies":[{"embeddable":true,"href":"https:\/\/comandogeraldanoticia.com.br\/index.php\/wp-json\/wp\/v2\/comments?post=78684"}],"version-history":[{"count":1,"href":"https:\/\/comandogeraldanoticia.com.br\/index.php\/wp-json\/wp\/v2\/posts\/78684\/revisions"}],"predecessor-version":[{"id":78686,"href":"https:\/\/comandogeraldanoticia.com.br\/index.php\/wp-json\/wp\/v2\/posts\/78684\/revisions\/78686"}],"wp:featuredmedia":[{"embeddable":true,"href":"https:\/\/comandogeraldanoticia.com.br\/index.php\/wp-json\/wp\/v2\/media\/78685"}],"wp:attachment":[{"href":"https:\/\/comandogeraldanoticia.com.br\/index.php\/wp-json\/wp\/v2\/media?parent=78684"}],"wp:term":[{"taxonomy":"category","embeddable":true,"href":"https:\/\/comandogeraldanoticia.com.br\/index.php\/wp-json\/wp\/v2\/categories?post=78684"},{"taxonomy":"post_tag","embeddable":true,"href":"https:\/\/comandogeraldanoticia.com.br\/index.php\/wp-json\/wp\/v2\/tags?post=78684"}],"curies":[{"name":"wp","href":"https:\/\/api.w.org\/{rel}","templated":true}]}}