{"id":78681,"date":"2026-09-06T11:00:32","date_gmt":"2026-09-06T11:00:32","guid":{"rendered":"https:\/\/comandogeraldanoticia.com.br\/?p=78681"},"modified":"2026-09-06T11:00:32","modified_gmt":"2026-09-06T11:00:32","slug":"camacari-268-anos-saberes-dos-territorios-2","status":"publish","type":"post","link":"https:\/\/comandogeraldanoticia.com.br\/index.php\/2026\/09\/06\/camacari-268-anos-saberes-dos-territorios-2\/","title":{"rendered":"CAMA\u00c7ARI 268 ANOS: SABERES DOS TERRIT\u00d3RIOS"},"content":{"rendered":"\n<p>Uma comunidade repleta de ancestralidade, cultura e afeto. \u00c9 assim que os moradores de Parafuso costumam definir a regi\u00e3o, tema da segunda reportagem da s\u00e9rie \u201cCama\u00e7ari 268 anos: Saberes dos Territ\u00f3rios\u201d.<\/p>\n\n\n\n<p>Com o objetivo de preservar as tradi\u00e7\u00f5es culturais, o Mestre Albertino criou o Samba de Caboclo de Parafuso no ano de 1990. O grupo \u00e9 presen\u00e7a marcada nas festas populares do munic\u00edpio com a indument\u00e1ria r\u00fastica e natural do caboclo de palha.<\/p>\n\n\n\n<p>\u201cA tradi\u00e7\u00e3o do Samba do Caboclo \u00e9 muito ancestral, me lembro de quando minha m\u00e3e contava essas hist\u00f3rias, e a gente resolveu resgatar a tradi\u00e7\u00e3o, porque eu pensei: \u2018isso aqui t\u00e1 dentro de Parafuso, isso aqui \u00e9 de Parafuso, ent\u00e3o tem que ter algo que mostre a nossa ancestralidade\u2019. Ent\u00e3o eu fui juntando todas as pe\u00e7as e se formou o Samba do Caboclo de Parafuso\u201d, relata Albertino.<\/p>\n\n\n\n<p>Para ele, manter a participa\u00e7\u00e3o do Samba do Caboclo em eventos como lavagens e desfiles c\u00edvicos \u00e9 uma forma de levar a cultura ancestral para as novas gera\u00e7\u00f5es.\u201cParticipar dos desfiles e das lavagens \u00e9 sempre uma alegria, \u00e9 o momento das pessoas conhecerem o nosso trabalho, atrav\u00e9s das nossas apresenta\u00e7\u00f5es, onde a gente tem o contato com a nova gera\u00e7\u00e3o, e essa nova gera\u00e7\u00e3o precisa conhecer as ra\u00edzes de Parafuso, e a cultura \u00e9 uma boa porta de entrada para esse contato\u201d, destaca.<\/p>\n\n\n\n<p>A preserva\u00e7\u00e3o ambiental e cultural da comunidade s\u00e3o destacados como um dos principais fatores que fortalecem a conex\u00e3o do Mestre Albertino com Parafuso. \u201cO que eu mais gosto em Parafuso \u00e9 viver aqui, minha m\u00e3e diz que eu enterrei o umbigo aqui em Parafuso, porque eu posso viajar para qualquer lugar no mundo, mas sempre vou voltar para Parafuso. Aqui \u00e9 uma comunidade que tem contato com o meio ambiente, que a gente ainda tem essa preserva\u00e7\u00e3o cultural, ent\u00e3o isso me faz presente, isso me faz viver mais, a gente tem os p\u00e9s no ch\u00e3o, \u00e9 uma comunidade muito ancestral\u201d, explica.<\/p>\n\n\n\n<p>O sentimento tamb\u00e9m \u00e9 relatado pela baiana de acaraj\u00e9 e moradora de Parafuso, Sandra Paula. \u201cEu n\u00e3o troco esse lugar por nenhum lugar do mundo, posso at\u00e9 passear, viajar, mas eu sou enraizada em Parafuso. Parafuso \u00e9 um lugar maravilhoso e eu sou muito grata a Deus, por aben\u00e7oar minhas m\u00e3os, porque tudo que eu fa\u00e7o, tudo que eu levo pro meu tabuleiro \u00e9 com muito respeito, muita dedica\u00e7\u00e3o, muita f\u00e9, muito ax\u00e9 e nada \u00e9 por acaso\u201d.<\/p>\n\n\n\n<p>Sandra come\u00e7ou a vender acaraj\u00e9 ap\u00f3s perceber a aus\u00eancia de comerciantes da comunidade no tradicional festejo do S\u00e3o Pedro de Parafuso. \u201cFoi quando eu tive a ideia de chamar minha sogra e minha cunhada pra vendermos acaraj\u00e9, e foi quando tudo come\u00e7ou. Me tornei baiana de acaraj\u00e9 e agora em 2026 eu completo 15 anos como baiana de acaraj\u00e9, e tenho muito orgulho e muito respeito pela profiss\u00e3o que eu estou hoje\u201d, conta.<\/p>\n\n\n\n<p>Mais do que uma fonte de renda, o tabuleiro de Sandra representa a continuidade de uma tradi\u00e7\u00e3o que carrega mem\u00f3ria e resist\u00eancia. \u201cQuando eu monto meu tabuleiro, eu n\u00e3o levo s\u00f3 a comida. Eu levo a alegria de encontros e toda uma hist\u00f3ria, mas existe a quest\u00e3o do respeito. Respeito com o alimento, porque ele \u00e9 de matriz africana, vindo dos nossos ancestrais e tem toda uma hist\u00f3ria, \u00e9 a luta do povo, da resist\u00eancia do povo negro e a gente precisa, al\u00e9m de trazer o sustento pra fam\u00edlia, respeitar esse alimento\u201d, ressalta.<\/p>\n\n\n\n<p>Assim, Parafuso revela a for\u00e7a de uma comunidade que tem na ancestralidade uma das suas principais riquezas. S\u00e3o saberes que seguem vivos e fortalecem a constru\u00e7\u00e3o de um futuro melhor para quem vive em Parafuso.<\/p>\n\n\n\n<p>Fotos: Rafael Kuster e Cau\u00ea Soares<\/p>\n","protected":false},"excerpt":{"rendered":"<p>Uma comunidade repleta de ancestralidade, cultura e afeto. \u00c9 assim que os moradores de Parafuso costumam definir a regi\u00e3o, tema da segunda reportagem da s\u00e9rie \u201cCama\u00e7ari 268 anos: Saberes dos Territ\u00f3rios\u201d. Com o objetivo de preservar as tradi\u00e7\u00f5es culturais, o Mestre Albertino criou o Samba de Caboclo de Parafuso no ano de 1990. O grupo<\/p>\n","protected":false},"author":5,"featured_media":78682,"comment_status":"open","ping_status":"open","sticky":false,"template":"","format":"standard","meta":{"om_disable_all_campaigns":false,"_monsterinsights_skip_tracking":false,"footnotes":""},"categories":[40],"tags":[],"class_list":{"0":"post-78681","1":"post","2":"type-post","3":"status-publish","4":"format-standard","5":"has-post-thumbnail","7":"category-camacari"},"_links":{"self":[{"href":"https:\/\/comandogeraldanoticia.com.br\/index.php\/wp-json\/wp\/v2\/posts\/78681","targetHints":{"allow":["GET"]}}],"collection":[{"href":"https:\/\/comandogeraldanoticia.com.br\/index.php\/wp-json\/wp\/v2\/posts"}],"about":[{"href":"https:\/\/comandogeraldanoticia.com.br\/index.php\/wp-json\/wp\/v2\/types\/post"}],"author":[{"embeddable":true,"href":"https:\/\/comandogeraldanoticia.com.br\/index.php\/wp-json\/wp\/v2\/users\/5"}],"replies":[{"embeddable":true,"href":"https:\/\/comandogeraldanoticia.com.br\/index.php\/wp-json\/wp\/v2\/comments?post=78681"}],"version-history":[{"count":1,"href":"https:\/\/comandogeraldanoticia.com.br\/index.php\/wp-json\/wp\/v2\/posts\/78681\/revisions"}],"predecessor-version":[{"id":78683,"href":"https:\/\/comandogeraldanoticia.com.br\/index.php\/wp-json\/wp\/v2\/posts\/78681\/revisions\/78683"}],"wp:featuredmedia":[{"embeddable":true,"href":"https:\/\/comandogeraldanoticia.com.br\/index.php\/wp-json\/wp\/v2\/media\/78682"}],"wp:attachment":[{"href":"https:\/\/comandogeraldanoticia.com.br\/index.php\/wp-json\/wp\/v2\/media?parent=78681"}],"wp:term":[{"taxonomy":"category","embeddable":true,"href":"https:\/\/comandogeraldanoticia.com.br\/index.php\/wp-json\/wp\/v2\/categories?post=78681"},{"taxonomy":"post_tag","embeddable":true,"href":"https:\/\/comandogeraldanoticia.com.br\/index.php\/wp-json\/wp\/v2\/tags?post=78681"}],"curies":[{"name":"wp","href":"https:\/\/api.w.org\/{rel}","templated":true}]}}