{"id":78676,"date":"2026-09-05T16:30:32","date_gmt":"2026-09-05T16:30:32","guid":{"rendered":"https:\/\/comandogeraldanoticia.com.br\/?p=78676"},"modified":"2026-09-05T16:30:32","modified_gmt":"2026-09-05T16:30:32","slug":"cartoes-de-inscricao-no-enamed-e-revalida-estao-disponiveis","status":"publish","type":"post","link":"https:\/\/comandogeraldanoticia.com.br\/index.php\/2026\/09\/05\/cartoes-de-inscricao-no-enamed-e-revalida-estao-disponiveis\/","title":{"rendered":"Cart\u00f5es de inscri\u00e7\u00e3o no Enamed e Revalida est\u00e3o dispon\u00edveis"},"content":{"rendered":"\n<p>Foto: Marcelo Camargo \/ Ag\u00eancia Brasil<\/p>\n\n\n\n<p>Os cart\u00f5es de confirma\u00e7\u00e3o de inscri\u00e7\u00e3o no Exame Nacional de Avalia\u00e7\u00e3o da Forma\u00e7\u00e3o M\u00e9dica (Enamed) e no Exame Nacional de Revalida\u00e7\u00e3o de Diplomas M\u00e9dicos Expedidos por Institui\u00e7\u00e3o de Educa\u00e7\u00e3o Superior Estrangeira (Revalida) j\u00e1 est\u00e3o dispon\u00edveis para consulta.<\/p>\n\n\n\n<p>Os participantes devem acessar os respectivos sites do Revalida e do Enamed para fazer a verifica\u00e7\u00e3o.<\/p>\n\n\n\n<p>No cart\u00e3o h\u00e1 informa\u00e7\u00f5es importantes para a prova, como n\u00famero de inscri\u00e7\u00e3o, data, hor\u00e1rio e local, al\u00e9m de eventuais indica\u00e7\u00f5es relativas ao atendimento especializado.<\/p>\n\n\n\n<p>Embora n\u00e3o seja obrigat\u00f3rio apresentar o cart\u00e3o no dia da prova, o Instituto Nacional de Estudos e Pesquisas Educacionais An\u00edsio Teixeira (Inep) recomenda que os participantes consultem o documento com anteced\u00eancia e verifiquem as informa\u00e7\u00f5es.<\/p>\n\n\n\n<p>Os dois exames ocorrer\u00e3o no dia 13 de setembro.<\/p>\n\n\n\n<p>O Enamed \u00e9 obrigat\u00f3rio para estudantes concluintes dos cursos de gradua\u00e7\u00e3o em medicina. E o Revalida d\u00e1 validade a diplomas de m\u00e9dicos que se formaram no exterior e querem atuar no Brasil.<\/p>\n\n\n\n<p>ComprarAtlas Geogr\u00e1ficos<\/p>\n\n\n\n<p>Fonte: Ag\u00eancia Brasil<\/p>\n","protected":false},"excerpt":{"rendered":"<p>Foto: Marcelo Camargo \/ Ag\u00eancia Brasil Os cart\u00f5es de confirma\u00e7\u00e3o de inscri\u00e7\u00e3o no Exame Nacional de Avalia\u00e7\u00e3o da Forma\u00e7\u00e3o M\u00e9dica (Enamed) e no Exame Nacional de Revalida\u00e7\u00e3o de Diplomas M\u00e9dicos Expedidos por Institui\u00e7\u00e3o de Educa\u00e7\u00e3o Superior Estrangeira (Revalida) j\u00e1 est\u00e3o dispon\u00edveis para consulta. Os participantes devem acessar os respectivos sites do Revalida e do Enamed<\/p>\n","protected":false},"author":5,"featured_media":78677,"comment_status":"open","ping_status":"open","sticky":false,"template":"","format":"standard","meta":{"om_disable_all_campaigns":false,"_monsterinsights_skip_tracking":false,"footnotes":""},"categories":[44],"tags":[],"class_list":{"0":"post-78676","1":"post","2":"type-post","3":"status-publish","4":"format-standard","5":"has-post-thumbnail","7":"category-example-6"},"_links":{"self":[{"href":"https:\/\/comandogeraldanoticia.com.br\/index.php\/wp-json\/wp\/v2\/posts\/78676","targetHints":{"allow":["GET"]}}],"collection":[{"href":"https:\/\/comandogeraldanoticia.com.br\/index.php\/wp-json\/wp\/v2\/posts"}],"about":[{"href":"https:\/\/comandogeraldanoticia.com.br\/index.php\/wp-json\/wp\/v2\/types\/post"}],"author":[{"embeddable":true,"href":"https:\/\/comandogeraldanoticia.com.br\/index.php\/wp-json\/wp\/v2\/users\/5"}],"replies":[{"embeddable":true,"href":"https:\/\/comandogeraldanoticia.com.br\/index.php\/wp-json\/wp\/v2\/comments?post=78676"}],"version-history":[{"count":1,"href":"https:\/\/comandogeraldanoticia.com.br\/index.php\/wp-json\/wp\/v2\/posts\/78676\/revisions"}],"predecessor-version":[{"id":78678,"href":"https:\/\/comandogeraldanoticia.com.br\/index.php\/wp-json\/wp\/v2\/posts\/78676\/revisions\/78678"}],"wp:featuredmedia":[{"embeddable":true,"href":"https:\/\/comandogeraldanoticia.com.br\/index.php\/wp-json\/wp\/v2\/media\/78677"}],"wp:attachment":[{"href":"https:\/\/comandogeraldanoticia.com.br\/index.php\/wp-json\/wp\/v2\/media?parent=78676"}],"wp:term":[{"taxonomy":"category","embeddable":true,"href":"https:\/\/comandogeraldanoticia.com.br\/index.php\/wp-json\/wp\/v2\/categories?post=78676"},{"taxonomy":"post_tag","embeddable":true,"href":"https:\/\/comandogeraldanoticia.com.br\/index.php\/wp-json\/wp\/v2\/tags?post=78676"}],"curies":[{"name":"wp","href":"https:\/\/api.w.org\/{rel}","templated":true}]}}