{"id":78673,"date":"2026-09-05T16:26:32","date_gmt":"2026-09-05T16:26:32","guid":{"rendered":"https:\/\/comandogeraldanoticia.com.br\/?p=78673"},"modified":"2026-09-05T16:26:33","modified_gmt":"2026-09-05T16:26:33","slug":"inovacao-e-sustentabilidade-colocam-camacari-em-destaque-no-forum-de-cidades-inteligentes","status":"publish","type":"post","link":"https:\/\/comandogeraldanoticia.com.br\/index.php\/2026\/09\/05\/inovacao-e-sustentabilidade-colocam-camacari-em-destaque-no-forum-de-cidades-inteligentes\/","title":{"rendered":"Inova\u00e7\u00e3o e sustentabilidade colocam Cama\u00e7ari em destaque no F\u00f3rum de Cidades Inteligentes"},"content":{"rendered":"\n<p>Cama\u00e7ari foi destaque entre os munic\u00edpios baianos que t\u00eam buscado solu\u00e7\u00f5es inovadoras para fortalecer o desenvolvimento socioecon\u00f4mico. A experi\u00eancia do munic\u00edpio foi apresentada nesta quinta-feira (3), durante o F\u00f3rum de Cidades Digitais e Inteligentes de Mata de S\u00e3o Jo\u00e3o, realizado no Centro de Conven\u00e7\u00f5es de Praia do Forte.<\/p>\n\n\n\n<p>Representando a gest\u00e3o municipal, o titular da Secretaria de Desenvolvimento Urbano e Meio Ambiente (Sedur), Rodrigo Nogueira, conduziu o painel \u201cCidades sustent\u00e1veis e tecnol\u00f3gicas: o novo plano de desenvolvimento econ\u00f4mico de Cama\u00e7ari\u201d, apresentando iniciativas que integram inova\u00e7\u00e3o, tecnologia, sustentabilidade e diversifica\u00e7\u00e3o econ\u00f4mica.<\/p>\n\n\n\n<p>\u201cCama\u00e7ari vive um momento de transforma\u00e7\u00e3o e est\u00e1 estruturando seu desenvolvimento a partir de novos vetores econ\u00f4micos. A uni\u00e3o entre tecnologia, energia limpa, mobilidade sustent\u00e1vel e planejamento urbano cria novas possibilidades para o munic\u00edpio e prepara a cidade para os desafios do futuro\u201d, afirmou o secret\u00e1rio.<\/p>\n\n\n\n<p>Entre os principais vetores apresentados est\u00e1 a mobilidade el\u00e9trica, impulsionada pela instala\u00e7\u00e3o da f\u00e1brica da Build Your Dreams (BYD), que amplia a presen\u00e7a de Cama\u00e7ari no segmento de ve\u00edculos el\u00e9tricos e tecnologia automotiva.<\/p>\n\n\n\n<p>No setor energ\u00e9tico, investimentos da Goldwind e da Windey Energy relacionados \u00e0 fabrica\u00e7\u00e3o de sistemas de armazenamento de energia em baterias (BESS) refor\u00e7am a perspectiva de expans\u00e3o das tecnologias voltadas \u00e0 transi\u00e7\u00e3o energ\u00e9tica.<\/p>\n\n\n\n<p>A estrat\u00e9gia tamb\u00e9m contempla a moderniza\u00e7\u00e3o da administra\u00e7\u00e3o p\u00fablica, com a ado\u00e7\u00e3o de ferramentas como o SEI Bahia, que contribuem para a digitaliza\u00e7\u00e3o e maior efici\u00eancia dos processos.<\/p>\n\n\n\n<p>Na \u00e1rea ambiental, o projeto \u201cCama\u00e7ari em SBN: \u00c1guas e Florestas para o Futuro\u201d, coordenado pela Sedur e integrante do Programa \u00c1guas de Cama\u00e7ari, utiliza Solu\u00e7\u00f5es Baseadas na Natureza para contribuir com o planejamento urbano e a adapta\u00e7\u00e3o clim\u00e1tica. Em outubro de 2025, a iniciativa esteve entre as 30 selecionadas nacionalmente por a\u00e7\u00f5es relacionadas \u00e0s Solu\u00e7\u00f5es Baseadas na Natureza (SBN).<\/p>\n\n\n\n<p>Atrav\u00e9s da participa\u00e7\u00e3o no f\u00f3rum, Cama\u00e7ari compartilhou experi\u00eancias e refor\u00e7ou uma estrat\u00e9gia de desenvolvimento que articula tecnologia, sustentabilidade, inova\u00e7\u00e3o e novas matrizes econ\u00f4micas, em sintonia com os desafios atuais das cidades.<\/p>\n\n\n\n<p>Tamb\u00e9m estiveram presentes no evento os secret\u00e1rios de Turismo, Patr\u00edcio Oliveira e de Desenvolvimento Econ\u00f4mico, Adriana Marcele.<br><br>Foto: Patrick Abreu<\/p>\n","protected":false},"excerpt":{"rendered":"<p>Cama\u00e7ari foi destaque entre os munic\u00edpios baianos que t\u00eam buscado solu\u00e7\u00f5es inovadoras para fortalecer o desenvolvimento socioecon\u00f4mico. A experi\u00eancia do munic\u00edpio foi apresentada nesta quinta-feira (3), durante o F\u00f3rum de Cidades Digitais e Inteligentes de Mata de S\u00e3o Jo\u00e3o, realizado no Centro de Conven\u00e7\u00f5es de Praia do Forte. Representando a gest\u00e3o municipal, o titular da<\/p>\n","protected":false},"author":5,"featured_media":78674,"comment_status":"open","ping_status":"open","sticky":false,"template":"","format":"standard","meta":{"om_disable_all_campaigns":false,"_monsterinsights_skip_tracking":false,"footnotes":""},"categories":[43],"tags":[],"class_list":{"0":"post-78673","1":"post","2":"type-post","3":"status-publish","4":"format-standard","5":"has-post-thumbnail","7":"category-economia"},"_links":{"self":[{"href":"https:\/\/comandogeraldanoticia.com.br\/index.php\/wp-json\/wp\/v2\/posts\/78673","targetHints":{"allow":["GET"]}}],"collection":[{"href":"https:\/\/comandogeraldanoticia.com.br\/index.php\/wp-json\/wp\/v2\/posts"}],"about":[{"href":"https:\/\/comandogeraldanoticia.com.br\/index.php\/wp-json\/wp\/v2\/types\/post"}],"author":[{"embeddable":true,"href":"https:\/\/comandogeraldanoticia.com.br\/index.php\/wp-json\/wp\/v2\/users\/5"}],"replies":[{"embeddable":true,"href":"https:\/\/comandogeraldanoticia.com.br\/index.php\/wp-json\/wp\/v2\/comments?post=78673"}],"version-history":[{"count":1,"href":"https:\/\/comandogeraldanoticia.com.br\/index.php\/wp-json\/wp\/v2\/posts\/78673\/revisions"}],"predecessor-version":[{"id":78675,"href":"https:\/\/comandogeraldanoticia.com.br\/index.php\/wp-json\/wp\/v2\/posts\/78673\/revisions\/78675"}],"wp:featuredmedia":[{"embeddable":true,"href":"https:\/\/comandogeraldanoticia.com.br\/index.php\/wp-json\/wp\/v2\/media\/78674"}],"wp:attachment":[{"href":"https:\/\/comandogeraldanoticia.com.br\/index.php\/wp-json\/wp\/v2\/media?parent=78673"}],"wp:term":[{"taxonomy":"category","embeddable":true,"href":"https:\/\/comandogeraldanoticia.com.br\/index.php\/wp-json\/wp\/v2\/categories?post=78673"},{"taxonomy":"post_tag","embeddable":true,"href":"https:\/\/comandogeraldanoticia.com.br\/index.php\/wp-json\/wp\/v2\/tags?post=78673"}],"curies":[{"name":"wp","href":"https:\/\/api.w.org\/{rel}","templated":true}]}}