{"id":78670,"date":"2026-09-05T16:23:56","date_gmt":"2026-09-05T16:23:56","guid":{"rendered":"https:\/\/comandogeraldanoticia.com.br\/?p=78670"},"modified":"2026-09-05T16:23:57","modified_gmt":"2026-09-05T16:23:57","slug":"dr-marcelo-participa-de-comicio-do-time-de-lula-em-itapetinga-ao-lado-de-jeronimo-rui-costa-e-jaques-wagner","status":"publish","type":"post","link":"https:\/\/comandogeraldanoticia.com.br\/index.php\/2026\/09\/05\/dr-marcelo-participa-de-comicio-do-time-de-lula-em-itapetinga-ao-lado-de-jeronimo-rui-costa-e-jaques-wagner\/","title":{"rendered":"Dr. Marcelo participa de com\u00edcio do &#8220;Time de Lula&#8221; em Itapetinga ao lado de Jer\u00f4nimo, Rui Costa e Jaques Wagner"},"content":{"rendered":"\n<p><em>Ex-prefeito de Cocos e candidato a deputado federal destacou investimentos destinados \u00e0 regi\u00e3o do M\u00e9dio Sudoeste<\/em><\/p>\n\n\n\n<p>O ex-prefeito de Cocos e candidato a deputado federal, Dr. Marcelo, participou do com\u00edcio &#8220;Time de Lula&#8221;, em Itapetinga, ao lado do governador Jer\u00f4nimo Rodrigues, do candidato ao Senado Rui Costa e do senador e candidato \u00e0 reelei\u00e7\u00e3o Jaques Wagner, nesta sexta-feira (4). O encontro reuniu lideran\u00e7as pol\u00edticas do estado e uma multid\u00e3o de apoiadores.<\/p>\n\n\n\n<p>Durante o evento, Dr. Marcelo destacou a transforma\u00e7\u00e3o vivida pela regi\u00e3o do M\u00e9dio Sudoeste baiano nos \u00faltimos anos, impulsionada por investimentos que resultaram em pavimenta\u00e7\u00e3o de estradas, amplia\u00e7\u00e3o do abastecimento de \u00e1gua, constru\u00e7\u00e3o de hospitais, maternidades, policl\u00ednicas e aeroportos. &#8220;A gente v\u00ea hoje uma regi\u00e3o completamente diferente, com obras que chegaram para transformar a vida das pessoas e abrir novas oportunidades para o M\u00e9dio Sudoeste&#8221;, afirmou.<\/p>\n\n\n\n<p>O candidato lembrou ainda que parte significativa desses investimentos teve origem no Novo PAC, fruto de sua atua\u00e7\u00e3o como assessor especial da Casa Civil do governo Lula, ao lado do ex-ministro Rui Costa. Segundo Dr. Marcelo, o per\u00edodo \u00e0 frente da pasta foi dedicado a garantir mais recursos e obras para o estado. &#8220;Trabalhei todos os dias para que a Bahia tivesse mais recursos e mais obras, e hoje colhemos os frutos desse esfor\u00e7o, com mais de R$ 145 bilh\u00f5es em investimentos do Novo PAC para o nosso estado&#8221;, ressaltou.<\/p>\n\n\n\n<p>Para Dr. Marcelo, a presen\u00e7a ao lado de Jer\u00f4nimo, Rui Costa e Jaques Wagner refor\u00e7a o compromisso conjunto com a continuidade das entregas para a Bahia, especialmente para o M\u00e9dio Sudoeste, regi\u00e3o que ajudou a representar dentro do governo federal.<\/p>\n\n\n\n<p><strong>Sobre Dr. Marcelo<\/strong><\/p>\n\n\n\n<p>Ex-prefeito de Cocos, no oeste baiano, por dois mandatos, Dr. Marcelo \u00e9 m\u00e9dico e pr\u00e9-candidato a deputado federal pelo Avante. Em janeiro de 2025, assumiu o cargo de assessor especial da Casa Civil da Presid\u00eancia da Rep\u00fablica, a convite do ministro Rui Costa.<\/p>\n","protected":false},"excerpt":{"rendered":"<p>Ex-prefeito de Cocos e candidato a deputado federal destacou investimentos destinados \u00e0 regi\u00e3o do M\u00e9dio Sudoeste O ex-prefeito de Cocos e candidato a deputado federal, Dr. Marcelo, participou do com\u00edcio &#8220;Time de Lula&#8221;, em Itapetinga, ao lado do governador Jer\u00f4nimo Rodrigues, do candidato ao Senado Rui Costa e do senador e candidato \u00e0 reelei\u00e7\u00e3o Jaques<\/p>\n","protected":false},"author":5,"featured_media":78671,"comment_status":"open","ping_status":"open","sticky":false,"template":"","format":"standard","meta":{"om_disable_all_campaigns":false,"_monsterinsights_skip_tracking":false,"footnotes":""},"categories":[71],"tags":[],"class_list":{"0":"post-78670","1":"post","2":"type-post","3":"status-publish","4":"format-standard","5":"has-post-thumbnail","7":"category-politica"},"_links":{"self":[{"href":"https:\/\/comandogeraldanoticia.com.br\/index.php\/wp-json\/wp\/v2\/posts\/78670","targetHints":{"allow":["GET"]}}],"collection":[{"href":"https:\/\/comandogeraldanoticia.com.br\/index.php\/wp-json\/wp\/v2\/posts"}],"about":[{"href":"https:\/\/comandogeraldanoticia.com.br\/index.php\/wp-json\/wp\/v2\/types\/post"}],"author":[{"embeddable":true,"href":"https:\/\/comandogeraldanoticia.com.br\/index.php\/wp-json\/wp\/v2\/users\/5"}],"replies":[{"embeddable":true,"href":"https:\/\/comandogeraldanoticia.com.br\/index.php\/wp-json\/wp\/v2\/comments?post=78670"}],"version-history":[{"count":1,"href":"https:\/\/comandogeraldanoticia.com.br\/index.php\/wp-json\/wp\/v2\/posts\/78670\/revisions"}],"predecessor-version":[{"id":78672,"href":"https:\/\/comandogeraldanoticia.com.br\/index.php\/wp-json\/wp\/v2\/posts\/78670\/revisions\/78672"}],"wp:featuredmedia":[{"embeddable":true,"href":"https:\/\/comandogeraldanoticia.com.br\/index.php\/wp-json\/wp\/v2\/media\/78671"}],"wp:attachment":[{"href":"https:\/\/comandogeraldanoticia.com.br\/index.php\/wp-json\/wp\/v2\/media?parent=78670"}],"wp:term":[{"taxonomy":"category","embeddable":true,"href":"https:\/\/comandogeraldanoticia.com.br\/index.php\/wp-json\/wp\/v2\/categories?post=78670"},{"taxonomy":"post_tag","embeddable":true,"href":"https:\/\/comandogeraldanoticia.com.br\/index.php\/wp-json\/wp\/v2\/tags?post=78670"}],"curies":[{"name":"wp","href":"https:\/\/api.w.org\/{rel}","templated":true}]}}