{"id":78666,"date":"2026-09-05T16:21:27","date_gmt":"2026-09-05T16:21:27","guid":{"rendered":"https:\/\/comandogeraldanoticia.com.br\/?p=78666"},"modified":"2026-09-05T16:21:28","modified_gmt":"2026-09-05T16:21:28","slug":"fiscais-da-sedur-participam-de-encontro-nacional-sobre-fiscalizacao-e-ordenamento-urbano-em-fortaleza","status":"publish","type":"post","link":"https:\/\/comandogeraldanoticia.com.br\/index.php\/2026\/09\/05\/fiscais-da-sedur-participam-de-encontro-nacional-sobre-fiscalizacao-e-ordenamento-urbano-em-fortaleza\/","title":{"rendered":"Fiscais da Sedur participam de encontro nacional sobre fiscaliza\u00e7\u00e3o e ordenamento urbano em Fortaleza"},"content":{"rendered":"\n<p>A Prefeitura de Cama\u00e7ari, por meio da Secretaria de Desenvolvimento Urbano e Meio Ambiente (Sedur), participou do II Encontro Nacional de Fiscais de Atividades Urbanas (ENAFAU) e XIII Encontro Regional de Fiscais de Atividades Urbanas (EREFAU), realizado em Fortaleza, no Cear\u00e1. O evento reuniu profissionais de diferentes munic\u00edpios para promover a qualifica\u00e7\u00e3o, a troca de experi\u00eancias e o fortalecimento das pr\u00e1ticas relacionadas \u00e0 fiscaliza\u00e7\u00e3o e ao ordenamento urbano.<\/p>\n\n\n\n<p>Representando a Sedur, participaram do encontro os fiscais Ana Carolina Ribeiro, Maria Ang\u00e9lica Santana, David Leite e Abelardo Moraes. Tamb\u00e9m estiveram presentes servidores da Secretaria de Servi\u00e7os P\u00fablicos (Sesp): Luciene Bispo, Paulo Novaes e Emerson Macedo.<\/p>\n\n\n\n<p>Ao longo de tr\u00eas dias, a programa\u00e7\u00e3o contou com momentos de aprendizado, debates e interc\u00e2mbio entre profissionais que atuam diretamente na fiscaliza\u00e7\u00e3o e no ordenamento das cidades. A iniciativa contribuiu para a amplia\u00e7\u00e3o de conhecimentos, o compartilhamento de experi\u00eancias e a discuss\u00e3o de estrat\u00e9gias voltadas ao aprimoramento da atua\u00e7\u00e3o dos agentes p\u00fablicos diante dos desafios relacionados ao crescimento e \u00e0 transforma\u00e7\u00e3o dos espa\u00e7os urbanos.<\/p>\n\n\n\n<p>Com o tema \u201cAmar a Cidade e Valorizar a Fiscaliza\u00e7\u00e3o Urbana nos Interessa Mais\u201d, o encontro tamb\u00e9m estabeleceu um di\u00e1logo com a cultura e a poesia cearenses, fazendo alus\u00e3o ao multiartista Belchior. A tem\u00e1tica traduz o zelo e o compromisso dos fiscais e auditores fiscais de atividades urbanas com as cidades e destaca a import\u00e2ncia da valoriza\u00e7\u00e3o desses profissionais para a constru\u00e7\u00e3o de munic\u00edpios mais organizados, equilibrados e sustent\u00e1veis.<\/p>\n\n\n\n<p>Para o superintendente de Ordenamento e Fiscaliza\u00e7\u00e3o do Solo (SUOFIS), David Leite, a participa\u00e7\u00e3o em espa\u00e7os de forma\u00e7\u00e3o e interc\u00e2mbio \u00e9 fundamental para fortalecer a atua\u00e7\u00e3o da fiscaliza\u00e7\u00e3o municipal.<\/p>\n\n\n\n<p>\u201cForam tr\u00eas dias de muito conhecimento, aprendizado e troca de experi\u00eancias com profissionais de diferentes cidades. Momentos como esse s\u00e3o fundamentais para ampliarmos nossa vis\u00e3o sobre a fiscaliza\u00e7\u00e3o urbana, conhecermos novas pr\u00e1ticas e refletirmos sobre os desafios que enfrentamos no dia a dia. Valorizar o fiscal \u00e9 tamb\u00e9m valorizar a cidade, porque \u00e9 por meio de uma fiscaliza\u00e7\u00e3o qualificada e comprometida que contribu\u00edmos para um crescimento mais saud\u00e1vel, organizado e sustent\u00e1vel\u201d, pontua.<\/p>\n\n\n\n<p>A participa\u00e7\u00e3o dos servidores da Sedur e da Sesp refor\u00e7a o compromisso da gest\u00e3o municipal com a qualifica\u00e7\u00e3o dos profissionais e a integra\u00e7\u00e3o entre as \u00e1reas, reconhecendo que o desenvolvimento urbano exige atua\u00e7\u00e3o conjunta, conhecimento t\u00e9cnico e planejamento.<\/p>\n\n\n\n<p>Para a fiscal Ana Carolina Ribeiro, o interc\u00e2mbio proporcionado pelo encontro tamb\u00e9m contribui para o fortalecimento da atua\u00e7\u00e3o profissional. \u201cCompartilhar experi\u00eancias com os colegas fiscais de todo o pa\u00eds refor\u00e7a a import\u00e2ncia da fiscaliza\u00e7\u00e3o para garantir o desenvolvimento urbano associado \u00e0 qualidade de vida dos cidad\u00e3os. Al\u00e9m disso, reafirma o nosso valor profissional, contribuindo para a qualifica\u00e7\u00e3o do servidor e a efici\u00eancia do servi\u00e7o prestado \u00e0 sociedade\u201d, ressalta.<\/p>\n\n\n\n<p>J\u00e1 para a fiscal Maria Ang\u00e9lica Santana, a experi\u00eancia adquirida durante o ENAFAU e o EREFAU contribui para o fortalecimento das pr\u00e1ticas desenvolvidas em Cama\u00e7ari e para uma atua\u00e7\u00e3o cada vez mais preparada para acompanhar as demandas de uma cidade em constante crescimento e transforma\u00e7\u00e3o. \u201cO dia a dia da atua\u00e7\u00e3o fiscal \u00e9 muito complexo e desafiador. Nesses encontros, al\u00e9m do aprendizado, acontece a troca de experi\u00eancias com colegas fiscais do Brasil, e isso me traz um g\u00e1s para continuar\u201d, afirma.<\/p>\n\n\n\n<p>O evento foi promovido pela Associa\u00e7\u00e3o Nacional de Fiscais e Auditores Fiscais de Atividades Urbanas (ANAFISC) e pela Federa\u00e7\u00e3o Nacional de Fiscais e Auditores Fiscais de Atividades Urbanas (FENAFISC), entidades que atuam no fortalecimento, na valoriza\u00e7\u00e3o e na qualifica\u00e7\u00e3o dos profissionais respons\u00e1veis pela fiscaliza\u00e7\u00e3o e pelo ordenamento das atividades urbanas em todo o pa\u00eds.<br><br>Foto: Ascom Sedur<\/p>\n","protected":false},"excerpt":{"rendered":"<p>A Prefeitura de Cama\u00e7ari, por meio da Secretaria de Desenvolvimento Urbano e Meio Ambiente (Sedur), participou do II Encontro Nacional de Fiscais de Atividades Urbanas (ENAFAU) e XIII Encontro Regional de Fiscais de Atividades Urbanas (EREFAU), realizado em Fortaleza, no Cear\u00e1. O evento reuniu profissionais de diferentes munic\u00edpios para promover a qualifica\u00e7\u00e3o, a troca de<\/p>\n","protected":false},"author":5,"featured_media":78667,"comment_status":"open","ping_status":"open","sticky":false,"template":"","format":"standard","meta":{"om_disable_all_campaigns":false,"_monsterinsights_skip_tracking":false,"footnotes":""},"categories":[39],"tags":[],"class_list":{"0":"post-78666","1":"post","2":"type-post","3":"status-publish","4":"format-standard","5":"has-post-thumbnail","7":"category-brasil"},"_links":{"self":[{"href":"https:\/\/comandogeraldanoticia.com.br\/index.php\/wp-json\/wp\/v2\/posts\/78666","targetHints":{"allow":["GET"]}}],"collection":[{"href":"https:\/\/comandogeraldanoticia.com.br\/index.php\/wp-json\/wp\/v2\/posts"}],"about":[{"href":"https:\/\/comandogeraldanoticia.com.br\/index.php\/wp-json\/wp\/v2\/types\/post"}],"author":[{"embeddable":true,"href":"https:\/\/comandogeraldanoticia.com.br\/index.php\/wp-json\/wp\/v2\/users\/5"}],"replies":[{"embeddable":true,"href":"https:\/\/comandogeraldanoticia.com.br\/index.php\/wp-json\/wp\/v2\/comments?post=78666"}],"version-history":[{"count":1,"href":"https:\/\/comandogeraldanoticia.com.br\/index.php\/wp-json\/wp\/v2\/posts\/78666\/revisions"}],"predecessor-version":[{"id":78668,"href":"https:\/\/comandogeraldanoticia.com.br\/index.php\/wp-json\/wp\/v2\/posts\/78666\/revisions\/78668"}],"wp:featuredmedia":[{"embeddable":true,"href":"https:\/\/comandogeraldanoticia.com.br\/index.php\/wp-json\/wp\/v2\/media\/78667"}],"wp:attachment":[{"href":"https:\/\/comandogeraldanoticia.com.br\/index.php\/wp-json\/wp\/v2\/media?parent=78666"}],"wp:term":[{"taxonomy":"category","embeddable":true,"href":"https:\/\/comandogeraldanoticia.com.br\/index.php\/wp-json\/wp\/v2\/categories?post=78666"},{"taxonomy":"post_tag","embeddable":true,"href":"https:\/\/comandogeraldanoticia.com.br\/index.php\/wp-json\/wp\/v2\/tags?post=78666"}],"curies":[{"name":"wp","href":"https:\/\/api.w.org\/{rel}","templated":true}]}}