{"id":78663,"date":"2026-09-05T16:19:43","date_gmt":"2026-09-05T16:19:43","guid":{"rendered":"https:\/\/comandogeraldanoticia.com.br\/?p=78663"},"modified":"2026-09-05T16:19:45","modified_gmt":"2026-09-05T16:19:45","slug":"final-do-1o-campeonato-de-futebol-dos-babas-acontece-no-alto-da-cruz-neste-sabado","status":"publish","type":"post","link":"https:\/\/comandogeraldanoticia.com.br\/index.php\/2026\/09\/05\/final-do-1o-campeonato-de-futebol-dos-babas-acontece-no-alto-da-cruz-neste-sabado\/","title":{"rendered":"Final do 1\u00ba Campeonato de Futebol dos Babas acontece no Alto da Cruz neste s\u00e1bado"},"content":{"rendered":"\n<p>O s\u00e1bado (5) ter\u00e1 uma t\u00f4nica esportiva, com a final do 1\u00ba Campeonato de Futebol dos Babas. O confronto ser\u00e1 protagonizado pelas equipes Baba do Alto da Cruz e Baba do Areal. A partida acontecer\u00e1 \u00e0s 19h, na quadra da Pra\u00e7a Oscar Palmeira Filho, no bairro Alto da Cruz.<\/p>\n\n\n\n<p>A competi\u00e7\u00e3o, realizada pela Secretaria de Esporte, Lazer e Juventude (Sejuv), reuniu oito times, formados por 16 jogadores, cada, totalizando 128 atletas participantes, ao longo do campeonato.<\/p>\n\n\n\n<p>Ap\u00f3s a disputa, ser\u00e1 entregue trof\u00e9u para a equipe consagrada campe\u00e3. Al\u00e9m disso, tamb\u00e9m acontecer\u00e3o premia\u00e7\u00f5es individuais para posi\u00e7\u00f5es de destaque, como o artilheiro e goleiro menos vazado.<\/p>\n\n\n\n<p>No entanto, a programa\u00e7\u00e3o ser\u00e1 aberta com um jogo preliminar de futebol feminino, entre os times Patroas x Veteranas, com objetivo de incentivar a participa\u00e7\u00e3o de mulheres no esporte.<\/p>\n\n\n\n<p>O campeonato integra as a\u00e7\u00f5es da Sejuv voltadas ao fortalecimento do esporte comunit\u00e1rio, com a inten\u00e7\u00e3o de promover lazer, integra\u00e7\u00e3o e est\u00edmulo \u00e0s pr\u00e1ticas esportivas para toda a popula\u00e7\u00e3o, de forma descentralizada.<\/p>\n\n\n\n<p>Foto: Patrick Abreu<\/p>\n","protected":false},"excerpt":{"rendered":"<p>O s\u00e1bado (5) ter\u00e1 uma t\u00f4nica esportiva, com a final do 1\u00ba Campeonato de Futebol dos Babas. O confronto ser\u00e1 protagonizado pelas equipes Baba do Alto da Cruz e Baba do Areal. A partida acontecer\u00e1 \u00e0s 19h, na quadra da Pra\u00e7a Oscar Palmeira Filho, no bairro Alto da Cruz. A competi\u00e7\u00e3o, realizada pela Secretaria de<\/p>\n","protected":false},"author":5,"featured_media":78664,"comment_status":"open","ping_status":"open","sticky":false,"template":"","format":"standard","meta":{"om_disable_all_campaigns":false,"_monsterinsights_skip_tracking":false,"footnotes":""},"categories":[40],"tags":[],"class_list":{"0":"post-78663","1":"post","2":"type-post","3":"status-publish","4":"format-standard","5":"has-post-thumbnail","7":"category-camacari"},"_links":{"self":[{"href":"https:\/\/comandogeraldanoticia.com.br\/index.php\/wp-json\/wp\/v2\/posts\/78663","targetHints":{"allow":["GET"]}}],"collection":[{"href":"https:\/\/comandogeraldanoticia.com.br\/index.php\/wp-json\/wp\/v2\/posts"}],"about":[{"href":"https:\/\/comandogeraldanoticia.com.br\/index.php\/wp-json\/wp\/v2\/types\/post"}],"author":[{"embeddable":true,"href":"https:\/\/comandogeraldanoticia.com.br\/index.php\/wp-json\/wp\/v2\/users\/5"}],"replies":[{"embeddable":true,"href":"https:\/\/comandogeraldanoticia.com.br\/index.php\/wp-json\/wp\/v2\/comments?post=78663"}],"version-history":[{"count":1,"href":"https:\/\/comandogeraldanoticia.com.br\/index.php\/wp-json\/wp\/v2\/posts\/78663\/revisions"}],"predecessor-version":[{"id":78665,"href":"https:\/\/comandogeraldanoticia.com.br\/index.php\/wp-json\/wp\/v2\/posts\/78663\/revisions\/78665"}],"wp:featuredmedia":[{"embeddable":true,"href":"https:\/\/comandogeraldanoticia.com.br\/index.php\/wp-json\/wp\/v2\/media\/78664"}],"wp:attachment":[{"href":"https:\/\/comandogeraldanoticia.com.br\/index.php\/wp-json\/wp\/v2\/media?parent=78663"}],"wp:term":[{"taxonomy":"category","embeddable":true,"href":"https:\/\/comandogeraldanoticia.com.br\/index.php\/wp-json\/wp\/v2\/categories?post=78663"},{"taxonomy":"post_tag","embeddable":true,"href":"https:\/\/comandogeraldanoticia.com.br\/index.php\/wp-json\/wp\/v2\/tags?post=78663"}],"curies":[{"name":"wp","href":"https:\/\/api.w.org\/{rel}","templated":true}]}}