{"id":78650,"date":"2026-09-04T01:18:36","date_gmt":"2026-09-04T01:18:36","guid":{"rendered":"https:\/\/comandogeraldanoticia.com.br\/?p=78650"},"modified":"2026-09-04T01:18:37","modified_gmt":"2026-09-04T01:18:37","slug":"professores-tem-8-mil-vagas-gratuitas-para-pos-graduacao","status":"publish","type":"post","link":"https:\/\/comandogeraldanoticia.com.br\/index.php\/2026\/09\/04\/professores-tem-8-mil-vagas-gratuitas-para-pos-graduacao\/","title":{"rendered":"Professores t\u00eam 8 mil vagas gratuitas para p\u00f3s-gradua\u00e7\u00e3o"},"content":{"rendered":"\n<p>Foto:  Tomaz Silva\/Ag\u00eancia Brasil<\/p>\n\n\n\n<p><strong>Professores da <a href=\"https:\/\/agenciabrasil.ebc.com.br\/tags\/educacao-basica\" target=\"_blank\" rel=\"noreferrer noopener\">educa\u00e7\u00e3o b\u00e1sica<\/a> da&nbsp;rede&nbsp;p\u00fablica&nbsp;de todo o pa\u00eds t\u00eam \u00e0 disposi\u00e7\u00e3o mais de 8 mil vagas em cursos de p\u00f3s-gradua\u00e7\u00e3o presenciais e gratuitos.<\/strong><img decoding=\"async\" src=\"https:\/\/agenciabrasil.ebc.com.br\/ebc.png?id=1701495&amp;o=node\"><img decoding=\"async\" src=\"https:\/\/agenciabrasil.ebc.com.br\/ebc.gif?id=1701495&amp;o=node\"><\/p>\n\n\n\n<p>O <a href=\"https:\/\/www.gov.br\/mec\/pt-br\" target=\"_blank\" rel=\"noreferrer noopener\">Minist\u00e9rio da Educa\u00e7\u00e3o (MEC)<\/a> e a Coordena\u00e7\u00e3o de Aperfei\u00e7oamento de Pessoal de N\u00edvel Superior (Capes) divulgaram, de forma unificada, nesta quarta-feira (3), os processos seletivos no <a href=\"https:\/\/www.gov.br\/mec\/pt-br\/mais-professores\/portal-formacao\" target=\"_blank\" rel=\"noreferrer noopener\">Portal\u202fForma\u00e7\u00e3o Mais Professores<\/a>.\u202f<\/p>\n\n\n\n<p>A divulga\u00e7\u00e3o nacional busca ampliar o alcance das informa\u00e7\u00f5es sobre cursos de\u202fp\u00f3s-gradua\u00e7\u00e3o\u202fdestinados a qualificar os professores em exerc\u00edcio na educa\u00e7\u00e3o b\u00e1sica p\u00fablica.\u202f\u202f<\/p>\n\n\n\n<h2 class=\"wp-block-heading\">\u00c1reas dos cursos<\/h2>\n\n\n\n<p>Nos editais publicados principalmente de&nbsp;agosto a&nbsp;setembro, foram disponibilizadas cerca de 7 mil vagas de mestrado e doutorado\u202fnas seguintes \u00e1reas:<\/p>\n\n\n\n<ul class=\"wp-block-list\">\n<li>244 em sociologia;\u202f<\/li>\n\n\n\n<li>480\u202fem\u202feduca\u00e7\u00e3o f\u00edsica;\u202f\u202f\u202f\u202f<\/li>\n\n\n\n<li>919 em\u202fletras;\u202f\u202f\u202f\u202f<\/li>\n\n\n\n<li>719 em\u202ff\u00edsica;\u202f\u202f\u202f\u202f<\/li>\n\n\n\n<li>385 em\u202fartes;\u202f\u202f\u202f\u202f<\/li>\n\n\n\n<li>324 em\u202ffilosofia;\u202f\u202f<\/li>\n\n\n\n<li>702 em hist\u00f3ria;\u202f\u202f<\/li>\n\n\n\n<li>181 em hist\u00f3ria;\u202f\u202f<\/li>\n\n\n\n<li>288 em\u202fqu\u00edmica;\u202f\u202f<\/li>\n\n\n\n<li>1.848 em\u202fmatem\u00e1tica;\u202f\u202f<\/li>\n\n\n\n<li>100 em matem\u00e1tica;\u202f\u202f\u202f\u202f<\/li>\n\n\n\n<li>572 em\u202fbiologia;\u202f\u202f\u202f\u202f<\/li>\n\n\n\n<li>130 em\u202feduca\u00e7\u00e3o tecnol\u00f3gica;\u202f\u202f<\/li>\n\n\n\n<li>75 em alfabetiza\u00e7\u00e3o.\u202f\u202f<\/li>\n<\/ul>\n\n\n\n<p><strong>O MEC comunica que, em breve, ser\u00e1 publicado um novo edital do Programa de Mestrado Profissional em Educa\u00e7\u00e3o Inclusiva em Rede Nacional (ProfEI) com a previs\u00e3o de oferta de\u202f700 vagas aos docentes.<\/strong><br><br>Tamb\u00e9m est\u00e3o previstas oportunidades relacionadas \u00e0 educa\u00e7\u00e3o\u202fprofissional e tecnol\u00f3gica por meio do Programa de P\u00f3s-Gradua\u00e7\u00e3o em Educa\u00e7\u00e3o Profissional e Tecnol\u00f3gica (PROF-EPT)\u202fe\u202fdo Programa de P\u00f3s-Gradua\u00e7\u00e3o em Ci\u00eancia, Cultura e Educa\u00e7\u00e3o Digital (ProfEDigital), ainda sem n\u00famero\u202fde vagas.<\/p>\n","protected":false},"excerpt":{"rendered":"<p>Foto: Tomaz Silva\/Ag\u00eancia Brasil Professores da educa\u00e7\u00e3o b\u00e1sica da&nbsp;rede&nbsp;p\u00fablica&nbsp;de todo o pa\u00eds t\u00eam \u00e0 disposi\u00e7\u00e3o mais de 8 mil vagas em cursos de p\u00f3s-gradua\u00e7\u00e3o presenciais e gratuitos. O Minist\u00e9rio da Educa\u00e7\u00e3o (MEC) e a Coordena\u00e7\u00e3o de Aperfei\u00e7oamento de Pessoal de N\u00edvel Superior (Capes) divulgaram, de forma unificada, nesta quarta-feira (3), os processos seletivos no Portal\u202fForma\u00e7\u00e3o<\/p>\n","protected":false},"author":5,"featured_media":78651,"comment_status":"open","ping_status":"open","sticky":false,"template":"","format":"standard","meta":{"om_disable_all_campaigns":false,"_monsterinsights_skip_tracking":false,"footnotes":""},"categories":[44],"tags":[],"class_list":{"0":"post-78650","1":"post","2":"type-post","3":"status-publish","4":"format-standard","5":"has-post-thumbnail","7":"category-example-6"},"_links":{"self":[{"href":"https:\/\/comandogeraldanoticia.com.br\/index.php\/wp-json\/wp\/v2\/posts\/78650","targetHints":{"allow":["GET"]}}],"collection":[{"href":"https:\/\/comandogeraldanoticia.com.br\/index.php\/wp-json\/wp\/v2\/posts"}],"about":[{"href":"https:\/\/comandogeraldanoticia.com.br\/index.php\/wp-json\/wp\/v2\/types\/post"}],"author":[{"embeddable":true,"href":"https:\/\/comandogeraldanoticia.com.br\/index.php\/wp-json\/wp\/v2\/users\/5"}],"replies":[{"embeddable":true,"href":"https:\/\/comandogeraldanoticia.com.br\/index.php\/wp-json\/wp\/v2\/comments?post=78650"}],"version-history":[{"count":1,"href":"https:\/\/comandogeraldanoticia.com.br\/index.php\/wp-json\/wp\/v2\/posts\/78650\/revisions"}],"predecessor-version":[{"id":78652,"href":"https:\/\/comandogeraldanoticia.com.br\/index.php\/wp-json\/wp\/v2\/posts\/78650\/revisions\/78652"}],"wp:featuredmedia":[{"embeddable":true,"href":"https:\/\/comandogeraldanoticia.com.br\/index.php\/wp-json\/wp\/v2\/media\/78651"}],"wp:attachment":[{"href":"https:\/\/comandogeraldanoticia.com.br\/index.php\/wp-json\/wp\/v2\/media?parent=78650"}],"wp:term":[{"taxonomy":"category","embeddable":true,"href":"https:\/\/comandogeraldanoticia.com.br\/index.php\/wp-json\/wp\/v2\/categories?post=78650"},{"taxonomy":"post_tag","embeddable":true,"href":"https:\/\/comandogeraldanoticia.com.br\/index.php\/wp-json\/wp\/v2\/tags?post=78650"}],"curies":[{"name":"wp","href":"https:\/\/api.w.org\/{rel}","templated":true}]}}