{"id":78647,"date":"2026-09-04T01:10:02","date_gmt":"2026-09-04T01:10:02","guid":{"rendered":"https:\/\/comandogeraldanoticia.com.br\/?p=78647"},"modified":"2026-09-04T01:10:03","modified_gmt":"2026-09-04T01:10:03","slug":"vacimovel-encerra-acao-de-imunizacao-na-sede-de-camacari","status":"publish","type":"post","link":"https:\/\/comandogeraldanoticia.com.br\/index.php\/2026\/09\/04\/vacimovel-encerra-acao-de-imunizacao-na-sede-de-camacari\/","title":{"rendered":"Vacim\u00f3vel encerra a\u00e7\u00e3o de imuniza\u00e7\u00e3o na sede de Cama\u00e7ari"},"content":{"rendered":"\n<p>A \u00faltima a\u00e7\u00e3o do Vacim\u00f3vel, no munic\u00edpio, aconteceu nesta quarta-feira (2), na Pra\u00e7a Desembargador Montenegro, no Centro. A iniciativa teve como proposta ampliar a cobertura vacinal e somar for\u00e7as \u00e0 Campanha Nacional de Multivacina\u00e7\u00e3o. Para isso, o equipamento esteve em localidades da sede e orla, desde o final de agosto. A unidade ofertou todas os imunizantes do calend\u00e1rio, para todas as faixas et\u00e1rias.<\/p>\n\n\n\n<p>Durante o per\u00edodo, as a\u00e7\u00f5es volantes passaram, ainda, pelo Centro Comercial de Cama\u00e7ari (CCC), conhecido como Feira, Mercado Municipal de Monte Gordo, Cordoaria, Tucunar\u00e9 e Coqueiros de Arembepe. Nessas a\u00e7\u00f5es, foram atendidas 220 pessoas, em m\u00e9dia, e aplicadas cerca de 400 vacinas.<\/p>\n\n\n\n<p>A refer\u00eancia t\u00e9cnica em imuniza\u00e7\u00e3o da Vigil\u00e2ncia Epidemiol\u00f3gica da Secretaria de Sa\u00fade (Sesau), Brena Carneiro, falou sobre o Vacim\u00f3vel.. \u201c\u00c9 uma estrat\u00e9gia para chegar em localidades e pessoas que n\u00e3o t\u00eam acesso \u00e0 vacina\u00e7\u00e3o nos dias de segunda a sexta, nos pontos habituais, que s\u00e3o as salas de vacina das unidades de sa\u00fade. Ent\u00e3o, o objetivo do Vacim\u00f3vel \u00e9 esse, garantir acesso \u00e0 popula\u00e7\u00e3o, principalmente, em locais de grande circula\u00e7\u00e3o ou locais mais distantes das unidades de sa\u00fade\u201d, explicou.<\/p>\n\n\n\n<p>Com a oferta de vacinas como Hepatites A e B, Rotav\u00edrus, Covid, Tr\u00edplice Viral, Influenza e HPV, a popula\u00e7\u00e3o que passava pela regi\u00e3o aproveitou para completar a caderneta. Uma delas foi a pensionista Sandra Regina Nery de Almeira, 66 anos. \u201cVi a van aqui, entrei, me vacinei. Tomei umas tr\u00eas vacinas, \u00e9 bom se cuidar, principalmente o idoso. Na verdade, todo mundo tem que se cuidar, cuidar da sa\u00fade. \u00c9 \u00f3timo!\u201d, contou a moradora de Arembepe.<\/p>\n\n\n\n<p>Da mesma forma, o trabalhador rural de Barra do Pojuca, Milton Oliveira de Jesus, tamb\u00e9m participou da iniciativa. \u201cEu estava em um estabelecimento e ouvi uma senhora comentando. Ent\u00e3o, decidi vir e achei muito r\u00e1pido e f\u00e1cil, foi maravilhoso, muito bom. Tomei quatro vacinas, porque estava atrasado e agora regularizou tudo\u201d, finalizou.<\/p>\n\n\n\n<p>A Campanha Nacional de Multivacina\u00e7\u00e3o, foi conclu\u00edda nas unidades fixas de sa\u00fade na segunda-feira (1), e \u00e9 preconizada pelo Minist\u00e9rio da Sa\u00fade. Em Cama\u00e7ari, a presen\u00e7a do Vacim\u00f3vel aconteceu por meio da parceria com a Secretaria de Sa\u00fade da Bahia (Sesab), j\u00e1 que o equipamento integra o programa Vacina Bahia, do Governo do Estado.<\/p>\n\n\n\n<p>Foto: Everaldo Paix\u00e3o<\/p>\n","protected":false},"excerpt":{"rendered":"<p>A \u00faltima a\u00e7\u00e3o do Vacim\u00f3vel, no munic\u00edpio, aconteceu nesta quarta-feira (2), na Pra\u00e7a Desembargador Montenegro, no Centro. A iniciativa teve como proposta ampliar a cobertura vacinal e somar for\u00e7as \u00e0 Campanha Nacional de Multivacina\u00e7\u00e3o. Para isso, o equipamento esteve em localidades da sede e orla, desde o final de agosto. A unidade ofertou todas os<\/p>\n","protected":false},"author":5,"featured_media":78648,"comment_status":"open","ping_status":"open","sticky":false,"template":"","format":"standard","meta":{"om_disable_all_campaigns":false,"_monsterinsights_skip_tracking":false,"footnotes":""},"categories":[40],"tags":[],"class_list":{"0":"post-78647","1":"post","2":"type-post","3":"status-publish","4":"format-standard","5":"has-post-thumbnail","7":"category-camacari"},"_links":{"self":[{"href":"https:\/\/comandogeraldanoticia.com.br\/index.php\/wp-json\/wp\/v2\/posts\/78647","targetHints":{"allow":["GET"]}}],"collection":[{"href":"https:\/\/comandogeraldanoticia.com.br\/index.php\/wp-json\/wp\/v2\/posts"}],"about":[{"href":"https:\/\/comandogeraldanoticia.com.br\/index.php\/wp-json\/wp\/v2\/types\/post"}],"author":[{"embeddable":true,"href":"https:\/\/comandogeraldanoticia.com.br\/index.php\/wp-json\/wp\/v2\/users\/5"}],"replies":[{"embeddable":true,"href":"https:\/\/comandogeraldanoticia.com.br\/index.php\/wp-json\/wp\/v2\/comments?post=78647"}],"version-history":[{"count":1,"href":"https:\/\/comandogeraldanoticia.com.br\/index.php\/wp-json\/wp\/v2\/posts\/78647\/revisions"}],"predecessor-version":[{"id":78649,"href":"https:\/\/comandogeraldanoticia.com.br\/index.php\/wp-json\/wp\/v2\/posts\/78647\/revisions\/78649"}],"wp:featuredmedia":[{"embeddable":true,"href":"https:\/\/comandogeraldanoticia.com.br\/index.php\/wp-json\/wp\/v2\/media\/78648"}],"wp:attachment":[{"href":"https:\/\/comandogeraldanoticia.com.br\/index.php\/wp-json\/wp\/v2\/media?parent=78647"}],"wp:term":[{"taxonomy":"category","embeddable":true,"href":"https:\/\/comandogeraldanoticia.com.br\/index.php\/wp-json\/wp\/v2\/categories?post=78647"},{"taxonomy":"post_tag","embeddable":true,"href":"https:\/\/comandogeraldanoticia.com.br\/index.php\/wp-json\/wp\/v2\/tags?post=78647"}],"curies":[{"name":"wp","href":"https:\/\/api.w.org\/{rel}","templated":true}]}}