{"id":78643,"date":"2026-09-03T10:00:15","date_gmt":"2026-09-03T10:00:15","guid":{"rendered":"https:\/\/comandogeraldanoticia.com.br\/?p=78643"},"modified":"2026-09-03T10:00:16","modified_gmt":"2026-09-03T10:00:16","slug":"como-o-planalto-enxerga-a-crise-inedita-no-stf-e-a-postura-que-lula-vai-adotar","status":"publish","type":"post","link":"https:\/\/comandogeraldanoticia.com.br\/index.php\/2026\/09\/03\/como-o-planalto-enxerga-a-crise-inedita-no-stf-e-a-postura-que-lula-vai-adotar\/","title":{"rendered":"Como o Planalto enxerga a crise in\u00e9dita no STF \u2014 e a postura que Lula vai adotar"},"content":{"rendered":"\n<p>Foto: Fabio Rodrigues Pozzebom\/Ag\u00eancia Brasil<\/p>\n\n\n\n<p>\u00c0 diferen\u00e7a da postura ativa adotada quando escalou o ministro Jorge Messias (Advocacia-Geral da Uni\u00e3o) para tentar intermediar uma conversa entre o chefe da Pol\u00edcia Federal, Andrei Rodrigues, e o ministro Andr\u00e9 Mendon\u00e7a, desta vez o presidente Luiz In\u00e1cio Lula da Silva quer manter dist\u00e2ncia da guerra aberta entre o relator do caso Master no STF e o ministro Alexandre de Moraes. A crise, uma das mais graves ganhou contornos in\u00e9ditos nesta ter\u00e7a-feira, 1\u00ba, ap\u00f3s Mendon\u00e7a tornar p\u00fablico um relat\u00f3rio da PF que escancara as liga\u00e7\u00f5es de Moraes com o banqueiro Daniel Vorcaro.<\/p>\n\n\n\n<p>De acordo com fontes do Planalto, a ordem agora \u00e9 dizer que se trata de uma quest\u00e3o \u201cinterna corporis\u201d do Supremo, a ser resolvida pelo ministro Edson Fachin, presidente da corte. A ideia de Lula de se afastar n\u00e3o significa que o governo n\u00e3o tenha uma prefer\u00eancia sobre a postura a ser adotada por Fachin. O cen\u00e1rio visto como ideal pelo Planalto passa por uma decis\u00e3o do presidente do STF no sentido de avocar para si a condu\u00e7\u00e3o do caso, o que, na vis\u00e3o de auxiliar de Lula, reduziria as chances de uso pol\u00edtico das informa\u00e7\u00f5es \u2014 o Planalto, agora, j\u00e1 vocaliza o discurso de que Mendon\u00e7a, indicado para o tribunal por Jair Bolsonaro, estaria agindo de maneira enviesada. A torcida para que Fachin chame para si a condu\u00e7\u00e3o das investiga\u00e7\u00f5es sobre o Master \u00e9 aventada tamb\u00e9m, de maneira reservada, por integrantes do pr\u00f3prio Judici\u00e1rio que se alinham a Moraes.<\/p>\n\n\n\n<p>Estrat\u00e9gia<\/p>\n\n\n\n<p>Em paralelo, a campanha de Lula adotar\u00e1 a estrat\u00e9gia de tentar descolar a imagem do presidente da de Alexandre de Moraes. Integrantes do governo dizem que n\u00e3o haver\u00e1 manifesta\u00e7\u00f5es sobre o caso, nem mesmo por parte de ministros do governo. N\u00e3o significa, por\u00e9m, que outras vozes da campanha ficar\u00e3o em sil\u00eancio. A ideia \u00e9 dizer o tratamento que Mendon\u00e7a destinou ao relat\u00f3rio da PF sobre Moraes n\u00e3o se repete na parte da investiga\u00e7\u00e3o que envolve recursos repassados por Vorcaro para o filme Dark Horse, em negocia\u00e7\u00e3o intermediada por Fl\u00e1vio Bolsonaro. Na noite desta ter\u00e7a, o presidente do PT, Edinho Silva j\u00e1 divulgou um v\u00eddeo no qual defende a retirada dos sigilos que envolvem o presidenci\u00e1vel do PL.<\/p>\n\n\n\n<p>A crise no STF \u2014 \u00e9 a primeira vez que um ministro pede investiga\u00e7\u00e3o sobre um colega envolvido em suspeitas de corrup\u00e7\u00e3o e tr\u00e1fico de influ\u00eancia \u2014 tamb\u00e9m acendeu um alerta sobre os movimentos feitos por Lula para aproximar Andr\u00e9 Mendon\u00e7a e Andrei Rodrigues, o diretor-geral da PF. O gesto foi considerado por auxiliares como um \u201cerro pol\u00edtico\u201d do presidente. Em outra frente, aquela que envolve a rela\u00e7\u00e3o de Lula com Moraes, pesam contra o petista as defesas que ele fez do ministro no passado recente, al\u00e9m do fato de o pr\u00f3prio Moraes ter costurado sua reaproxima\u00e7\u00e3o com o presidente do Senado, Davi Alcolumbre (Uni\u00e3o Brasil-AP).<\/p>\n\n\n\n<p>Fonte Estado de Minas<\/p>\n","protected":false},"excerpt":{"rendered":"<p>Foto: Fabio Rodrigues Pozzebom\/Ag\u00eancia Brasil \u00c0 diferen\u00e7a da postura ativa adotada quando escalou o ministro Jorge Messias (Advocacia-Geral da Uni\u00e3o) para tentar intermediar uma conversa entre o chefe da Pol\u00edcia Federal, Andrei Rodrigues, e o ministro Andr\u00e9 Mendon\u00e7a, desta vez o presidente Luiz In\u00e1cio Lula da Silva quer manter dist\u00e2ncia da guerra aberta entre o<\/p>\n","protected":false},"author":5,"featured_media":78644,"comment_status":"open","ping_status":"open","sticky":false,"template":"","format":"standard","meta":{"om_disable_all_campaigns":false,"_monsterinsights_skip_tracking":false,"footnotes":""},"categories":[71],"tags":[],"class_list":{"0":"post-78643","1":"post","2":"type-post","3":"status-publish","4":"format-standard","5":"has-post-thumbnail","7":"category-politica"},"_links":{"self":[{"href":"https:\/\/comandogeraldanoticia.com.br\/index.php\/wp-json\/wp\/v2\/posts\/78643","targetHints":{"allow":["GET"]}}],"collection":[{"href":"https:\/\/comandogeraldanoticia.com.br\/index.php\/wp-json\/wp\/v2\/posts"}],"about":[{"href":"https:\/\/comandogeraldanoticia.com.br\/index.php\/wp-json\/wp\/v2\/types\/post"}],"author":[{"embeddable":true,"href":"https:\/\/comandogeraldanoticia.com.br\/index.php\/wp-json\/wp\/v2\/users\/5"}],"replies":[{"embeddable":true,"href":"https:\/\/comandogeraldanoticia.com.br\/index.php\/wp-json\/wp\/v2\/comments?post=78643"}],"version-history":[{"count":1,"href":"https:\/\/comandogeraldanoticia.com.br\/index.php\/wp-json\/wp\/v2\/posts\/78643\/revisions"}],"predecessor-version":[{"id":78645,"href":"https:\/\/comandogeraldanoticia.com.br\/index.php\/wp-json\/wp\/v2\/posts\/78643\/revisions\/78645"}],"wp:featuredmedia":[{"embeddable":true,"href":"https:\/\/comandogeraldanoticia.com.br\/index.php\/wp-json\/wp\/v2\/media\/78644"}],"wp:attachment":[{"href":"https:\/\/comandogeraldanoticia.com.br\/index.php\/wp-json\/wp\/v2\/media?parent=78643"}],"wp:term":[{"taxonomy":"category","embeddable":true,"href":"https:\/\/comandogeraldanoticia.com.br\/index.php\/wp-json\/wp\/v2\/categories?post=78643"},{"taxonomy":"post_tag","embeddable":true,"href":"https:\/\/comandogeraldanoticia.com.br\/index.php\/wp-json\/wp\/v2\/tags?post=78643"}],"curies":[{"name":"wp","href":"https:\/\/api.w.org\/{rel}","templated":true}]}}