{"id":78640,"date":"2026-09-03T09:56:13","date_gmt":"2026-09-03T09:56:13","guid":{"rendered":"https:\/\/comandogeraldanoticia.com.br\/?p=78640"},"modified":"2026-09-03T09:56:14","modified_gmt":"2026-09-03T09:56:14","slug":"parceria-entre-secult-e-senac-oferta-curso-gratuito-de-producao-cultural","status":"publish","type":"post","link":"https:\/\/comandogeraldanoticia.com.br\/index.php\/2026\/09\/03\/parceria-entre-secult-e-senac-oferta-curso-gratuito-de-producao-cultural\/","title":{"rendered":"Parceria entre Secult e Senac oferta curso gratuito de produ\u00e7\u00e3o cultural"},"content":{"rendered":"\n<p>Somando-se \u00e0s a\u00e7\u00f5es voltadas \u00e0 qualifica\u00e7\u00e3o profissional no munic\u00edpio, a parceria entre a Prefeitura de Cama\u00e7ari, por meio da Secretaria de Cultura (Secult), e o Servi\u00e7o Nacional de Aprendizagem Comercial (Senac) ofertar\u00e1 um curso gratuito de produ\u00e7\u00e3o cultural.<\/p>\n\n\n\n<p>A iniciativa \u00e9 voltada a pessoas com idade a partir de 16 anos e Ensino Fundamental completo, podendo proporcionar o desenvolvimento de novas habilidades e a prepara\u00e7\u00e3o para o mercado de trabalho.<\/p>\n\n\n\n<p>As inscri\u00e7\u00f5es acontecer\u00e3o de forma presencial. Na sede do Senac, situado na Casa do Trabalho, o procedimento poder\u00e1 ser realizado entre os dias 8 e 15 de setembro, com atendimento de segunda a sexta-feira, das 8h \u00e0s 20h, e no s\u00e1bado, das 8h \u00e0s 11h. A matr\u00edcula tamb\u00e9m poder\u00e1 ser feita na Cidade do Saber, no dia 9 de setembro, das 8h \u00e0s 16h.<\/p>\n\n\n\n<p>Para efetuar a inscri\u00e7\u00e3o, \u00e9 necess\u00e1rio apresentar os documentos originais e c\u00f3pias de RG, CPF e comprovante de resid\u00eancia.<\/p>\n\n\n\n<p>As aulas ter\u00e3o in\u00edcio no dia 22 de setembro e seguir\u00e3o at\u00e9 2 de dezembro, de segunda a quinta-feira, no turno matutino, na Cidade do Saber.<\/p>\n\n\n\n<p>Foto: Patrick Abreu<\/p>\n","protected":false},"excerpt":{"rendered":"<p>Somando-se \u00e0s a\u00e7\u00f5es voltadas \u00e0 qualifica\u00e7\u00e3o profissional no munic\u00edpio, a parceria entre a Prefeitura de Cama\u00e7ari, por meio da Secretaria de Cultura (Secult), e o Servi\u00e7o Nacional de Aprendizagem Comercial (Senac) ofertar\u00e1 um curso gratuito de produ\u00e7\u00e3o cultural. A iniciativa \u00e9 voltada a pessoas com idade a partir de 16 anos e Ensino Fundamental completo,<\/p>\n","protected":false},"author":5,"featured_media":78641,"comment_status":"open","ping_status":"open","sticky":false,"template":"","format":"standard","meta":{"om_disable_all_campaigns":false,"_monsterinsights_skip_tracking":false,"footnotes":""},"categories":[39],"tags":[],"class_list":{"0":"post-78640","1":"post","2":"type-post","3":"status-publish","4":"format-standard","5":"has-post-thumbnail","7":"category-brasil"},"_links":{"self":[{"href":"https:\/\/comandogeraldanoticia.com.br\/index.php\/wp-json\/wp\/v2\/posts\/78640","targetHints":{"allow":["GET"]}}],"collection":[{"href":"https:\/\/comandogeraldanoticia.com.br\/index.php\/wp-json\/wp\/v2\/posts"}],"about":[{"href":"https:\/\/comandogeraldanoticia.com.br\/index.php\/wp-json\/wp\/v2\/types\/post"}],"author":[{"embeddable":true,"href":"https:\/\/comandogeraldanoticia.com.br\/index.php\/wp-json\/wp\/v2\/users\/5"}],"replies":[{"embeddable":true,"href":"https:\/\/comandogeraldanoticia.com.br\/index.php\/wp-json\/wp\/v2\/comments?post=78640"}],"version-history":[{"count":1,"href":"https:\/\/comandogeraldanoticia.com.br\/index.php\/wp-json\/wp\/v2\/posts\/78640\/revisions"}],"predecessor-version":[{"id":78642,"href":"https:\/\/comandogeraldanoticia.com.br\/index.php\/wp-json\/wp\/v2\/posts\/78640\/revisions\/78642"}],"wp:featuredmedia":[{"embeddable":true,"href":"https:\/\/comandogeraldanoticia.com.br\/index.php\/wp-json\/wp\/v2\/media\/78641"}],"wp:attachment":[{"href":"https:\/\/comandogeraldanoticia.com.br\/index.php\/wp-json\/wp\/v2\/media?parent=78640"}],"wp:term":[{"taxonomy":"category","embeddable":true,"href":"https:\/\/comandogeraldanoticia.com.br\/index.php\/wp-json\/wp\/v2\/categories?post=78640"},{"taxonomy":"post_tag","embeddable":true,"href":"https:\/\/comandogeraldanoticia.com.br\/index.php\/wp-json\/wp\/v2\/tags?post=78640"}],"curies":[{"name":"wp","href":"https:\/\/api.w.org\/{rel}","templated":true}]}}