{"id":78637,"date":"2026-09-03T09:52:43","date_gmt":"2026-09-03T09:52:43","guid":{"rendered":"https:\/\/comandogeraldanoticia.com.br\/?p=78637"},"modified":"2026-09-03T09:52:43","modified_gmt":"2026-09-03T09:52:43","slug":"carreta-da-beleza-oferecera-cursos-gratuitos-para-as-mulheres-em-camacari","status":"publish","type":"post","link":"https:\/\/comandogeraldanoticia.com.br\/index.php\/2026\/09\/03\/carreta-da-beleza-oferecera-cursos-gratuitos-para-as-mulheres-em-camacari\/","title":{"rendered":"Carreta da Beleza oferecer\u00e1 cursos gratuitos para as mulheres em Cama\u00e7ari"},"content":{"rendered":"\n<p>A Prefeitura de Cama\u00e7ari, atrav\u00e9s das secretarias da Mulher (Semu) e do Turismo (Setur), lan\u00e7ar\u00e1 na sexta-feira (4), \u00e0s 16h, a Carreta da Beleza, que oferecer\u00e1 cursos gratuitos para mulheres do munic\u00edpio. O ve\u00edculo, totalmente equipado, permanecer\u00e1 instalado em frente \u00e0 Semu, localizada na Rua Goi\u00e1s, n\u00ba 79, Centro.<\/p>\n\n\n\n<p>A iniciativa integra o programa Qualifica Mulher, em parceria com o Servi\u00e7o Nacional de Aprendizagem Comercial (Senac) e a Federa\u00e7\u00e3o do Com\u00e9rcio de Bens, Servi\u00e7os, Turismo do Estado da Bahia (Fecom\u00e9rcio), por meio do qual ser\u00e3o oferecidos treinamentos na \u00e1rea de Beleza e Est\u00e9tica.<br><br>Na ocasi\u00e3o do lan\u00e7amento, haver\u00e1 um workshop de automaquiagem que contemplar\u00e1 mulheres j\u00e1 cadastradas em programas da Semu. As vagas para os primeiros cursos j\u00e1 est\u00e3o abertas e a aulas iniciar\u00e3o na pr\u00f3xima ter\u00e7a-feira (8). Pela manh\u00e3, das 8h30 \u00e0s 11h30, acontecer\u00e1 o de Design de Sobrancelha com Henna e \u00e0 tarde, das 14h \u00e0s 17h, ser\u00e1 a vez do curso B\u00e1sico de Escova.<br><br>Os treinamentos ter\u00e3o dura\u00e7\u00e3o de 8 a 40 horas, com temas que variam entre cuidados com a pele, cabelo, sobrancelhas, maquiagem, c\u00edlios e unhas. Para se inscrever \u00e9 necess\u00e1rio comparecer, presencialmente, \u00e0 sede da Semu, de segunda a sexta-feira, das 8h \u00e0s 12h e das 14h \u00e0s 17h.<\/p>\n\n\n\n<p>\u00c9 preciso apresentar dos originais e c\u00f3pias do RG, comprovante de resid\u00eancia no munic\u00edpio, hist\u00f3rico ou atestado escolar a partir do ensino fundamental incompleto. \u00c9 imprescind\u00edvel checar, na secretaria, a idade m\u00ednima para participar, no ato da inscri\u00e7\u00e3o.<\/p>\n","protected":false},"excerpt":{"rendered":"<p>A Prefeitura de Cama\u00e7ari, atrav\u00e9s das secretarias da Mulher (Semu) e do Turismo (Setur), lan\u00e7ar\u00e1 na sexta-feira (4), \u00e0s 16h, a Carreta da Beleza, que oferecer\u00e1 cursos gratuitos para mulheres do munic\u00edpio. O ve\u00edculo, totalmente equipado, permanecer\u00e1 instalado em frente \u00e0 Semu, localizada na Rua Goi\u00e1s, n\u00ba 79, Centro. A iniciativa integra o programa Qualifica<\/p>\n","protected":false},"author":5,"featured_media":78638,"comment_status":"open","ping_status":"open","sticky":false,"template":"","format":"standard","meta":{"om_disable_all_campaigns":false,"_monsterinsights_skip_tracking":false,"footnotes":""},"categories":[39],"tags":[],"class_list":{"0":"post-78637","1":"post","2":"type-post","3":"status-publish","4":"format-standard","5":"has-post-thumbnail","7":"category-brasil"},"_links":{"self":[{"href":"https:\/\/comandogeraldanoticia.com.br\/index.php\/wp-json\/wp\/v2\/posts\/78637","targetHints":{"allow":["GET"]}}],"collection":[{"href":"https:\/\/comandogeraldanoticia.com.br\/index.php\/wp-json\/wp\/v2\/posts"}],"about":[{"href":"https:\/\/comandogeraldanoticia.com.br\/index.php\/wp-json\/wp\/v2\/types\/post"}],"author":[{"embeddable":true,"href":"https:\/\/comandogeraldanoticia.com.br\/index.php\/wp-json\/wp\/v2\/users\/5"}],"replies":[{"embeddable":true,"href":"https:\/\/comandogeraldanoticia.com.br\/index.php\/wp-json\/wp\/v2\/comments?post=78637"}],"version-history":[{"count":1,"href":"https:\/\/comandogeraldanoticia.com.br\/index.php\/wp-json\/wp\/v2\/posts\/78637\/revisions"}],"predecessor-version":[{"id":78639,"href":"https:\/\/comandogeraldanoticia.com.br\/index.php\/wp-json\/wp\/v2\/posts\/78637\/revisions\/78639"}],"wp:featuredmedia":[{"embeddable":true,"href":"https:\/\/comandogeraldanoticia.com.br\/index.php\/wp-json\/wp\/v2\/media\/78638"}],"wp:attachment":[{"href":"https:\/\/comandogeraldanoticia.com.br\/index.php\/wp-json\/wp\/v2\/media?parent=78637"}],"wp:term":[{"taxonomy":"category","embeddable":true,"href":"https:\/\/comandogeraldanoticia.com.br\/index.php\/wp-json\/wp\/v2\/categories?post=78637"},{"taxonomy":"post_tag","embeddable":true,"href":"https:\/\/comandogeraldanoticia.com.br\/index.php\/wp-json\/wp\/v2\/tags?post=78637"}],"curies":[{"name":"wp","href":"https:\/\/api.w.org\/{rel}","templated":true}]}}