{"id":78634,"date":"2026-09-03T09:47:14","date_gmt":"2026-09-03T09:47:14","guid":{"rendered":"https:\/\/comandogeraldanoticia.com.br\/?p=78634"},"modified":"2026-09-03T09:47:15","modified_gmt":"2026-09-03T09:47:15","slug":"camacari-ganha-reforco-para-micro-e-pequenas-empresas-com-nova-agencia-do-sebrae","status":"publish","type":"post","link":"https:\/\/comandogeraldanoticia.com.br\/index.php\/2026\/09\/03\/camacari-ganha-reforco-para-micro-e-pequenas-empresas-com-nova-agencia-do-sebrae\/","title":{"rendered":"Cama\u00e7ari ganha refor\u00e7o para micro e pequenas empresas com nova Ag\u00eancia do Sebrae"},"content":{"rendered":"\n<p>Cama\u00e7ari ganhou, nesta quarta-feira (2), um novo espa\u00e7o de atendimento e apoio aos pequenos neg\u00f3cios. O Servi\u00e7o Brasileiro de Apoio \u00e0s Micro e Pequenas Empresas na Bahia (Sebrae Bahia) inaugurou a nova ag\u00eancia no munic\u00edpio, localizada no Boulevard Shopping Cama\u00e7ari. A unidade passa a funcionar em um ambiente mais moderno, acess\u00edvel e estruturado para oferecer atendimento, capacita\u00e7\u00e3o, orienta\u00e7\u00e3o e conex\u00e3o empresarial aos empreendedores do munic\u00edpio e da Regi\u00e3o Metropolitana.<\/p>\n\n\n\n<p>Para o prefeito Luiz Caetano, a iniciativa representa mais um avan\u00e7o na constru\u00e7\u00e3o de um ambiente favor\u00e1vel \u00e0 gera\u00e7\u00e3o de oportunidades e ao fortalecimento da economia local. \u201cA gente quer qualificar ainda mais a nossa gente, dando esse salto de qualidade na capacita\u00e7\u00e3o. E isso vale para todos, seja para o trabalhador, para quem j\u00e1 empreende e para quem quer come\u00e7ar um neg\u00f3cio. O Sebrae tem sido um grande parceiro nessa caminhada, ajudando a preparar nossa popula\u00e7\u00e3o para esse novo momento de desenvolvimento que estamos vivendo\u201d, afirmou.<\/p>\n\n\n\n<p>A inaugura\u00e7\u00e3o ocorre em um novo cap\u00edtulo da trajet\u00f3ria de retomada e amplia\u00e7\u00e3o de investimentos na cidade, marcado pela cria\u00e7\u00e3o de novas oportunidades e pelo fortalecimento de iniciativas voltadas \u00e0 qualifica\u00e7\u00e3o profissional, ao empreendedorismo e \u00e0 dinamiza\u00e7\u00e3o da economia. Nesse cen\u00e1rio, a presen\u00e7a do Sebrae em um espa\u00e7o de maior circula\u00e7\u00e3o e acessibilidade contribui para aproximar os servi\u00e7os dos empreendedores e ampliar as possibilidades de atendimento e conex\u00e3o.<\/p>\n\n\n\n<p>O diretor-superintendente do Sebrae Bahia, Jorge Khoury, real\u00e7ou a satisfa\u00e7\u00e3o com a nova etapa da atua\u00e7\u00e3o da institui\u00e7\u00e3o no munic\u00edpio e sinalizou a perspectiva de ampliar ainda mais a presen\u00e7a na regi\u00e3o. \u201cEu cheguei aqui sorrindo, porque \u00e9 uma alegria muito grande ver esse novo espa\u00e7o funcionando e perceber que aquilo que estamos construindo est\u00e1 dando resultado. Esta \u00e9 uma casa para os micro e pequenos empres\u00e1rios de Cama\u00e7ari, um espa\u00e7o para buscar conhecimento, oportunidades e apoio para fazer os neg\u00f3cios crescerem. J\u00e1 estamos pensando, inclusive, em um ponto de atendimento no litoral, porque o nosso objetivo \u00e9 estar cada vez mais perto de quem empreende\u201d, pontuou.<\/p>\n\n\n\n<p>O atendimento presencial ao p\u00fablico ser\u00e1 retomado nesta quinta-feira (3). A nova ag\u00eancia vai funcionar das 9h \u00e0s 16h, de segunda a sexta-feira. O novo espa\u00e7o foi projetado para ser um ambiente de conex\u00e3o e realiza\u00e7\u00e3o de atividades. A estrutura conta com audit\u00f3rio e \u00e1reas destinadas \u00e0 promo\u00e7\u00e3o de eventos, capacita\u00e7\u00f5es e encontros empresariais, mantendo uma programa\u00e7\u00e3o permanente voltada ao desenvolvimento dos empreendedores.<\/p>\n\n\n\n<p>O gerente regional da unidade do Sebrae em Salvador e Regi\u00e3o Metropolitana, Rog\u00e9rio Cerqueira, destacou a import\u00e2ncia da parceria com o munic\u00edpio para ampliar as a\u00e7\u00f5es voltadas aos pequenos neg\u00f3cios. \u201cQuero agradecer a Cama\u00e7ari pela parceria e pela forma como o munic\u00edpio tem estado pr\u00f3ximo ao Sebrae. Temos aqui um time espetacular e, juntos, conseguimos realizar grandes iniciativas. Cama\u00e7ari tem uma for\u00e7a empreendedora muito grande, com aproximadamente 36 mil pequenos neg\u00f3cios, que incluem artes\u00e3os, pescadores, empreendedores rurais e tantos outros trabalhadores que movimentam a economia local. Nosso compromisso \u00e9 estar cada vez mais perto dessas pessoas\u201d, avaliou.<\/p>\n\n\n\n<p>A parceria entre a Prefeitura de Cama\u00e7ari e o Sebrae Bahia j\u00e1 resultou em uma s\u00e9rie de iniciativas voltadas \u00e0 qualifica\u00e7\u00e3o, inova\u00e7\u00e3o, turismo e fortalecimento dos pequenos neg\u00f3cios. Em 2025, por meio da parceria com a Secretaria do Turismo (Setur), foram desenvolvidas a\u00e7\u00f5es como o Programa Acelera Cama\u00e7ari, com destaque para a regi\u00e3o da orla, o 1\u00ba Festival Gastron\u00f4mico de Cama\u00e7ari, o Caf\u00e9 com Turismo e f\u00f3runs voltados ao setor.<\/p>\n\n\n\n<p>J\u00e1 em conjunto com a Secretaria do Desenvolvimento Econ\u00f4mico (Sedec), foram realizadas a\u00e7\u00f5es como o Projeto Inspira Cama\u00e7ari, a Semana Global do Empreendedorismo, o F\u00f3rum Cama\u00e7ari Cidade Inovadora e o Qualifica MEI, entre outras iniciativas destinadas \u00e0 capacita\u00e7\u00e3o e ao fortalecimento dos empreendedores.<\/p>\n\n\n\n<p>Com a nova ag\u00eancia, Cama\u00e7ari amplia a estrutura de apoio a quem empreende e refor\u00e7a a estrat\u00e9gia de criar condi\u00e7\u00f5es para que trabalhadores e empres\u00e1rios estejam preparados para aproveitar as oportunidades que surgem com a retomada e a chegada de novos investimentos ao munic\u00edpio.<br><br>Foto: Patrick Abreu&nbsp;&nbsp;<\/p>\n","protected":false},"excerpt":{"rendered":"<p>Cama\u00e7ari ganhou, nesta quarta-feira (2), um novo espa\u00e7o de atendimento e apoio aos pequenos neg\u00f3cios. O Servi\u00e7o Brasileiro de Apoio \u00e0s Micro e Pequenas Empresas na Bahia (Sebrae Bahia) inaugurou a nova ag\u00eancia no munic\u00edpio, localizada no Boulevard Shopping Cama\u00e7ari. A unidade passa a funcionar em um ambiente mais moderno, acess\u00edvel e estruturado para oferecer<\/p>\n","protected":false},"author":5,"featured_media":78635,"comment_status":"open","ping_status":"open","sticky":false,"template":"","format":"standard","meta":{"om_disable_all_campaigns":false,"_monsterinsights_skip_tracking":false,"footnotes":""},"categories":[43],"tags":[],"class_list":{"0":"post-78634","1":"post","2":"type-post","3":"status-publish","4":"format-standard","5":"has-post-thumbnail","7":"category-economia"},"_links":{"self":[{"href":"https:\/\/comandogeraldanoticia.com.br\/index.php\/wp-json\/wp\/v2\/posts\/78634","targetHints":{"allow":["GET"]}}],"collection":[{"href":"https:\/\/comandogeraldanoticia.com.br\/index.php\/wp-json\/wp\/v2\/posts"}],"about":[{"href":"https:\/\/comandogeraldanoticia.com.br\/index.php\/wp-json\/wp\/v2\/types\/post"}],"author":[{"embeddable":true,"href":"https:\/\/comandogeraldanoticia.com.br\/index.php\/wp-json\/wp\/v2\/users\/5"}],"replies":[{"embeddable":true,"href":"https:\/\/comandogeraldanoticia.com.br\/index.php\/wp-json\/wp\/v2\/comments?post=78634"}],"version-history":[{"count":1,"href":"https:\/\/comandogeraldanoticia.com.br\/index.php\/wp-json\/wp\/v2\/posts\/78634\/revisions"}],"predecessor-version":[{"id":78636,"href":"https:\/\/comandogeraldanoticia.com.br\/index.php\/wp-json\/wp\/v2\/posts\/78634\/revisions\/78636"}],"wp:featuredmedia":[{"embeddable":true,"href":"https:\/\/comandogeraldanoticia.com.br\/index.php\/wp-json\/wp\/v2\/media\/78635"}],"wp:attachment":[{"href":"https:\/\/comandogeraldanoticia.com.br\/index.php\/wp-json\/wp\/v2\/media?parent=78634"}],"wp:term":[{"taxonomy":"category","embeddable":true,"href":"https:\/\/comandogeraldanoticia.com.br\/index.php\/wp-json\/wp\/v2\/categories?post=78634"},{"taxonomy":"post_tag","embeddable":true,"href":"https:\/\/comandogeraldanoticia.com.br\/index.php\/wp-json\/wp\/v2\/tags?post=78634"}],"curies":[{"name":"wp","href":"https:\/\/api.w.org\/{rel}","templated":true}]}}