{"id":78631,"date":"2026-09-03T09:46:41","date_gmt":"2026-09-03T09:46:41","guid":{"rendered":"https:\/\/comandogeraldanoticia.com.br\/?p=78631"},"modified":"2026-09-03T09:46:42","modified_gmt":"2026-09-03T09:46:42","slug":"mostra-de-cinema-cim-reune-historias-de-estudantes-da-rede-publica-de-camacari","status":"publish","type":"post","link":"https:\/\/comandogeraldanoticia.com.br\/index.php\/2026\/09\/03\/mostra-de-cinema-cim-reune-historias-de-estudantes-da-rede-publica-de-camacari\/","title":{"rendered":"Mostra de Cinema CIM re\u00fane hist\u00f3rias de estudantes da rede p\u00fablica de Cama\u00e7ari"},"content":{"rendered":"\n<p>Depois de meses mergulhados no universo do audiovisual, estudantes da rede p\u00fablica de Cama\u00e7ari se preparam para ver suas pr\u00f3prias hist\u00f3rias ganharem a tela grande. Nesta quinta(3) e sexta-feira (4), a Mostra de Cinema CIM marca a conclus\u00e3o da primeira edi\u00e7\u00e3o do projeto CIM \u2013 Cinema: Imagem em Movimento, com a estreia de tr\u00eas curtas-metragens de fic\u00e7\u00e3o desenvolvidos e produzidos ao longo da a\u00e7\u00e3o.<\/p>\n\n\n\n<p>A primeira sess\u00e3o acontece na quinta-feira, \u00e0s 14h, no Teatro Cidade do Saber (TCS). J\u00e1 na sexta-feira, tamb\u00e9m \u00e0s 14h, a programa\u00e7\u00e3o segue para o Teatro Tupinamb\u00e1, localizado no Col\u00e9gio Estadual de Tempo Integral de Vila de Abrantes. O acesso \u00e0s duas sess\u00f5es \u00e9 gratuito, sujeito \u00e0 lota\u00e7\u00e3o dos espa\u00e7os.<\/p>\n\n\n\n<p>Os filmes s\u00e3o resultados de uma experi\u00eancia realizada com estudantes do Col\u00e9gio Estadual de Cama\u00e7ari, localizado na sede do munic\u00edpio, e do Centro Educacional Marqu\u00eas de Abrantes, em Vila de Abrantes. Ao longo do projeto, os jovens tiveram contato com diferentes etapas da cria\u00e7\u00e3o cinematogr\u00e1fica, passando por linguagem audiovisual, narrativa, roteiro, dire\u00e7\u00e3o, fotografia, \u00e1udio, ilumina\u00e7\u00e3o e produ\u00e7\u00e3o.<\/p>\n\n\n\n<p>Mais do que conhecer como um filme \u00e9 feito, os participantes foram estimulados a observar o pr\u00f3prio cotidiano, suas viv\u00eancias e os territ\u00f3rios onde vivem, transformando essas refer\u00eancias em hist\u00f3rias de fic\u00e7\u00e3o. O resultado s\u00e3o tr\u00eas produ\u00e7\u00f5es que abordam temas como desigualdade social, mem\u00f3ria ind\u00edgena, pertencimento, amizade e os desafios vividos pela juventude.<\/p>\n\n\n\n<p>Na narrativa apresentada pela obra \u201cO Barulho da Fome\u201d, estudantes e merendeiras enfrentam um monstro que est\u00e1 muito al\u00e9m da fantasia. Entre filas, pratos, sil\u00eancios e aus\u00eancias, o curta traz uma reflex\u00e3o sobre a fome e outras faces das desigualdades sociais.<\/p>\n\n\n\n<p>J\u00e1 \u201cAs Vozes da Pra\u00e7a\u201d parte de um lugar conhecido por quem vive em Vila de Abrantes: a<br>Pra\u00e7a da Matriz. Durante um trabalho escolar, um grupo de estudantes come\u00e7a a ouvir misteriosas vozes que os conduzem \u00e0s mem\u00f3rias dos povos ind\u00edgenas que viveram naquele territ\u00f3rio. Inspirado no s\u00edtio arqueol\u00f3gico existente na pra\u00e7a, o filme fala sobre mem\u00f3ria, ancestralidade e a import\u00e2ncia de preservar hist\u00f3rias que permanecem vivas.<\/p>\n\n\n\n<p>Em \u201cO \u00daltimo Encontro\u201d, seis estudantes do Ensino M\u00e9dio, punidos \u00e0s v\u00e9speras da formatura, precisam reorganizar a biblioteca da escola para recuperar o direito de participar da cerim\u00f4nia. O que come\u00e7a como uma conviv\u00eancia for\u00e7ada d\u00e1 lugar a conflitos, descobertas e reflex\u00f5es sobre amizade, pertencimento e as incertezas de um futuro que come\u00e7a a se aproximar.<\/p>\n\n\n\n<p>A proposta do CIM \u00e9 aproximar jovens do universo audiovisual e criar espa\u00e7os para que possam experimentar diferentes formas de express\u00e3o, desenvolver novas habilidades e reconhecer suas pr\u00f3prias viv\u00eancias e territ\u00f3rios como mat\u00e9ria-prima para a cria\u00e7\u00e3o art\u00edstica.<\/p>\n\n\n\n<p>A sess\u00e3o no TCS acontece a convite da Prefeitura de Cama\u00e7ari, por meio da Secretaria de Cultura (Secult). O CIM \u2013 Cinema: Imagem em Movimento \u00e9 patrocinado pela TAG e pelo Governo da Bahia, por meio do Fazcultura, da Secretaria de Cultura e da Secretaria da Fazenda. O projeto \u00e9 realizado pelo Coletivo Fora da Caixa, com parceria institucional do Instituto Casa Coletivo.<\/p>\n\n\n\n<p>Fotos: Divulga\u00e7\u00e3o<\/p>\n","protected":false},"excerpt":{"rendered":"<p>Depois de meses mergulhados no universo do audiovisual, estudantes da rede p\u00fablica de Cama\u00e7ari se preparam para ver suas pr\u00f3prias hist\u00f3rias ganharem a tela grande. Nesta quinta(3) e sexta-feira (4), a Mostra de Cinema CIM marca a conclus\u00e3o da primeira edi\u00e7\u00e3o do projeto CIM \u2013 Cinema: Imagem em Movimento, com a estreia de tr\u00eas curtas-metragens<\/p>\n","protected":false},"author":5,"featured_media":78632,"comment_status":"open","ping_status":"open","sticky":false,"template":"","format":"standard","meta":{"om_disable_all_campaigns":false,"_monsterinsights_skip_tracking":false,"footnotes":""},"categories":[44],"tags":[],"class_list":{"0":"post-78631","1":"post","2":"type-post","3":"status-publish","4":"format-standard","5":"has-post-thumbnail","7":"category-example-6"},"_links":{"self":[{"href":"https:\/\/comandogeraldanoticia.com.br\/index.php\/wp-json\/wp\/v2\/posts\/78631","targetHints":{"allow":["GET"]}}],"collection":[{"href":"https:\/\/comandogeraldanoticia.com.br\/index.php\/wp-json\/wp\/v2\/posts"}],"about":[{"href":"https:\/\/comandogeraldanoticia.com.br\/index.php\/wp-json\/wp\/v2\/types\/post"}],"author":[{"embeddable":true,"href":"https:\/\/comandogeraldanoticia.com.br\/index.php\/wp-json\/wp\/v2\/users\/5"}],"replies":[{"embeddable":true,"href":"https:\/\/comandogeraldanoticia.com.br\/index.php\/wp-json\/wp\/v2\/comments?post=78631"}],"version-history":[{"count":1,"href":"https:\/\/comandogeraldanoticia.com.br\/index.php\/wp-json\/wp\/v2\/posts\/78631\/revisions"}],"predecessor-version":[{"id":78633,"href":"https:\/\/comandogeraldanoticia.com.br\/index.php\/wp-json\/wp\/v2\/posts\/78631\/revisions\/78633"}],"wp:featuredmedia":[{"embeddable":true,"href":"https:\/\/comandogeraldanoticia.com.br\/index.php\/wp-json\/wp\/v2\/media\/78632"}],"wp:attachment":[{"href":"https:\/\/comandogeraldanoticia.com.br\/index.php\/wp-json\/wp\/v2\/media?parent=78631"}],"wp:term":[{"taxonomy":"category","embeddable":true,"href":"https:\/\/comandogeraldanoticia.com.br\/index.php\/wp-json\/wp\/v2\/categories?post=78631"},{"taxonomy":"post_tag","embeddable":true,"href":"https:\/\/comandogeraldanoticia.com.br\/index.php\/wp-json\/wp\/v2\/tags?post=78631"}],"curies":[{"name":"wp","href":"https:\/\/api.w.org\/{rel}","templated":true}]}}