{"id":78628,"date":"2026-09-03T09:39:35","date_gmt":"2026-09-03T09:39:35","guid":{"rendered":"https:\/\/comandogeraldanoticia.com.br\/?p=78628"},"modified":"2026-09-03T09:39:37","modified_gmt":"2026-09-03T09:39:37","slug":"camacari-268-anos-saberes-dos-territorios","status":"publish","type":"post","link":"https:\/\/comandogeraldanoticia.com.br\/index.php\/2026\/09\/03\/camacari-268-anos-saberes-dos-territorios\/","title":{"rendered":"CAMA\u00c7ARI 268 ANOS: SABERES DOS TERRIT\u00d3RIOS"},"content":{"rendered":"\n<p><strong>Desfile da Gleba E atravessa gera\u00e7\u00f5es e mant\u00e9m viva a mem\u00f3ria da comunidade<\/strong><\/p>\n\n\n\n<p>As hist\u00f3rias, culturas e tradi\u00e7\u00f5es que formam a identidade de Cama\u00e7ari s\u00e3o o foco da s\u00e9rie \u201cCama\u00e7ari 268 anos: Saberes dos Territ\u00f3rios\u201d, que celebra o anivers\u00e1rio do munic\u00edpio atrav\u00e9s dos saberes e das mem\u00f3rias de suas comunidades.&nbsp;<\/p>\n\n\n\n<p>O m\u00eas de setembro em Cama\u00e7ari \u00e9 marcado por alegria, express\u00f5es culturais e musicalidade com a realiza\u00e7\u00e3o dos tradicionais desfiles c\u00edvicos. A festa come\u00e7a no dia 7, com o desfile da Gleba E, que abre a programa\u00e7\u00e3o festiva do m\u00eas e comemora a Independ\u00eancia do Brasil. Em uma tradi\u00e7\u00e3o que atravessa gera\u00e7\u00f5es, a Rua das Flores \u00e9 tomada pela arte dos estudantes, grupos culturais, fanfarras e diversas outras institui\u00e7\u00f5es que participam do evento.&nbsp;<\/p>\n\n\n\n<p>Antes de integrar o calend\u00e1rio oficial de eventos da cidade, o desfile surgiu como uma confraterniza\u00e7\u00e3o entre as escolas e moradores do bairro, conforme explica a diretora pedag\u00f3gica do Centro Educacional Sistema Master (Cesma), Ednalva Oliveira.<\/p>\n\n\n\n<p>\u201cEm 1988 n\u00f3s fizemos o primeiro desfile na Gleba E, porque n\u00e3o existia essa celebra\u00e7\u00e3o do 7 de setembro em Cama\u00e7ari. At\u00e9 que n\u00f3s, moradores, come\u00e7amos a fazer um desfile, juntamos a Associa\u00e7\u00e3o de Moradores, a fanfarra liderada pelo nosso querido amigo Helmo, a equipe do An\u00edsio Teixeira, a equipe aqui do Cesma e v\u00e1rias fam\u00edlias do bairro. O desfile foi um sucesso, a comunidade aplaudiu, no segundo ano pedimos o apoio da Prefeitura e assim virou tradi\u00e7\u00e3o\u201d, relata a educadora.<\/p>\n\n\n\n<p>Junto com o desfile, surgiu tamb\u00e9m a alvorada da Gleba E, criada pelo morador Helmo de Oliveira, que percorria o bairro com sua fanfarra, esquentando o clima para o cortejo. Helmo faleceu no ano de 2014, mas a alvorada segue viva sob o comando de seu filho, popularmente conhecido como Helminho.&nbsp;<\/p>\n\n\n\n<p>\u201cMeu pai foi um dos fundadores desse desfile e criou a fanfarra do nosso bairro. Ele conseguiu alguns instrumentos doados pela Bamuca e criou o projeto Fanfarra Juvenil de Cama\u00e7ari, a Fanjuc. Foi com essa banda que ele criou a alvorada, onde todo 7 de setembro ele sa\u00eda \u00e0s cinco da manh\u00e3 acordando o bairro, chamando o bairro para o desfile e todo mundo se animava\u201d, conta.&nbsp;<\/p>\n\n\n\n<p>Helminho ressalta que desde pequeno aprendeu sobre a simbologia do desfile c\u00edvico da Gleba E para o munic\u00edpio.\u201cMeu pai era uma pessoa que ajudava a comunidade, ele amava a Gleba E, e sempre falava pra a gente valorizar o fato de termos um desfile aqui, afinal, ele fez parte dessa hist\u00f3ria, e acima de tudo sempre nos ensinou a sermos bons vizinhos e bons amigos\u201d.<\/p>\n\n\n\n<p>Criada por Helmo, a Fanjuc segue levando aprendizado para centenas de crian\u00e7as atrav\u00e9s da m\u00fasica, tendo Helminho como instrutor. \u201c\u00c9 uma responsabilidade muito grande manter essa tradi\u00e7\u00e3o viva, fazem 12 anos que ele faleceu, e eu tenho trabalhado para honrar o legado dele. Formei muitos alunos e eu ou\u00e7o muitos pais de alunos falarem: \u2018eu quero que voc\u00ea fa\u00e7a o que o seu pai fez comigo, com o meu filho, porque o que eu sou hoje eu agrade\u00e7o ao seu pai e eu quero que meu filho seja o que seu pai passava pra mim\u2019. Que foi o que ele nos ensinou: compromisso, responsabilidade, amor e comunh\u00e3o\u201d, afirma Helminho.<\/p>\n\n\n\n<p>Ap\u00f3s mais de duas d\u00e9cadas da primeira edi\u00e7\u00e3o, o desfile da Gleba E continua sendo motivo de grande expectativa para quem participa. A gestora da Escola Municipal An\u00edsio Teixeira, Iara Lima, enfatiza a import\u00e2ncia de manter a tradi\u00e7\u00e3o viva entre as novas gera\u00e7\u00f5es.&nbsp;&nbsp;<\/p>\n\n\n\n<p>\u201cS\u00e3o novos alunos, uma nova gera\u00e7\u00e3o, e a gente precisa trazer o pertencimento do bairro da Gleba E, e fazer com que eles entendam que isso faz parte do dia a dia, da cultura, e tudo que n\u00f3s estamos trazendo aqui no desfile, n\u00f3s trazemos no dia a dia dos alunos. A rede nos conecta com um tema e a\u00ed a gente come\u00e7a a fazer um trabalho durante o ano para que quando chegue no dia do desfile isso seja transformado em arte\u201d, conta a gestora.&nbsp;<\/p>\n\n\n\n<p>A Escola An\u00edsio Teixeira est\u00e1 presente desde o primeiro desfile de 7 de setembro, e \u00e9 uma das escolas mais esperadas do evento. \u201cEu particularmente estou muito ansiosa, mas est\u00e1 ficando tudo muito lindo, todos os elementos s\u00e3o feitos pelas nossas m\u00e3os com muito carinho, e \u00e9 uma responsabilidade muito grande porque o An\u00edsio \u00e9 uma escola que est\u00e1 presente desde o primeiro desfile\u201d, diz Iara.<\/p>\n\n\n\n<p>Com a chegada de mais um desfile, a Gleba E renova sua tradi\u00e7\u00e3o, celebra seus saberes e refor\u00e7a o orgulho de quem pertence \u00e0 comunidade.&nbsp;<\/p>\n\n\n\n<p>Foto: Patrick Abreu<\/p>\n","protected":false},"excerpt":{"rendered":"<p>Desfile da Gleba E atravessa gera\u00e7\u00f5es e mant\u00e9m viva a mem\u00f3ria da comunidade As hist\u00f3rias, culturas e tradi\u00e7\u00f5es que formam a identidade de Cama\u00e7ari s\u00e3o o foco da s\u00e9rie \u201cCama\u00e7ari 268 anos: Saberes dos Territ\u00f3rios\u201d, que celebra o anivers\u00e1rio do munic\u00edpio atrav\u00e9s dos saberes e das mem\u00f3rias de suas comunidades.&nbsp; O m\u00eas de setembro em<\/p>\n","protected":false},"author":5,"featured_media":78629,"comment_status":"open","ping_status":"open","sticky":false,"template":"","format":"standard","meta":{"om_disable_all_campaigns":false,"_monsterinsights_skip_tracking":false,"footnotes":""},"categories":[40],"tags":[],"class_list":{"0":"post-78628","1":"post","2":"type-post","3":"status-publish","4":"format-standard","5":"has-post-thumbnail","7":"category-camacari"},"_links":{"self":[{"href":"https:\/\/comandogeraldanoticia.com.br\/index.php\/wp-json\/wp\/v2\/posts\/78628","targetHints":{"allow":["GET"]}}],"collection":[{"href":"https:\/\/comandogeraldanoticia.com.br\/index.php\/wp-json\/wp\/v2\/posts"}],"about":[{"href":"https:\/\/comandogeraldanoticia.com.br\/index.php\/wp-json\/wp\/v2\/types\/post"}],"author":[{"embeddable":true,"href":"https:\/\/comandogeraldanoticia.com.br\/index.php\/wp-json\/wp\/v2\/users\/5"}],"replies":[{"embeddable":true,"href":"https:\/\/comandogeraldanoticia.com.br\/index.php\/wp-json\/wp\/v2\/comments?post=78628"}],"version-history":[{"count":1,"href":"https:\/\/comandogeraldanoticia.com.br\/index.php\/wp-json\/wp\/v2\/posts\/78628\/revisions"}],"predecessor-version":[{"id":78630,"href":"https:\/\/comandogeraldanoticia.com.br\/index.php\/wp-json\/wp\/v2\/posts\/78628\/revisions\/78630"}],"wp:featuredmedia":[{"embeddable":true,"href":"https:\/\/comandogeraldanoticia.com.br\/index.php\/wp-json\/wp\/v2\/media\/78629"}],"wp:attachment":[{"href":"https:\/\/comandogeraldanoticia.com.br\/index.php\/wp-json\/wp\/v2\/media?parent=78628"}],"wp:term":[{"taxonomy":"category","embeddable":true,"href":"https:\/\/comandogeraldanoticia.com.br\/index.php\/wp-json\/wp\/v2\/categories?post=78628"},{"taxonomy":"post_tag","embeddable":true,"href":"https:\/\/comandogeraldanoticia.com.br\/index.php\/wp-json\/wp\/v2\/tags?post=78628"}],"curies":[{"name":"wp","href":"https:\/\/api.w.org\/{rel}","templated":true}]}}