{"id":78625,"date":"2026-09-02T09:46:40","date_gmt":"2026-09-02T09:46:40","guid":{"rendered":"https:\/\/comandogeraldanoticia.com.br\/?p=78625"},"modified":"2026-09-02T09:46:41","modified_gmt":"2026-09-02T09:46:41","slug":"alerta-sobre-canetas-para-emagrecer-acende-preocupacao-com-criancas-e-adolescentes","status":"publish","type":"post","link":"https:\/\/comandogeraldanoticia.com.br\/index.php\/2026\/09\/02\/alerta-sobre-canetas-para-emagrecer-acende-preocupacao-com-criancas-e-adolescentes\/","title":{"rendered":"Alerta sobre canetas para emagrecer acende preocupa\u00e7\u00e3o com crian\u00e7as e adolescentes"},"content":{"rendered":"\n<p>Foto: Divulga\u00e7\u00e3o<\/p>\n\n\n\n<p>Por Marcos Vit\u00f3rio<\/p>\n\n\n\n<p>Elas aparecem nas redes sociais como promessa de uma transforma\u00e7\u00e3o r\u00e1pida. V\u00eddeos mostram resultados em poucos meses, corpos antes e depois e discursos que associam uma inje\u00e7\u00e3o \u00e0 solu\u00e7\u00e3o para o excesso de peso. Mas, quando o assunto envolve crian\u00e7as e adolescentes, a discuss\u00e3o ganha uma dimens\u00e3o ainda mais delicada.<\/p>\n\n\n\n<p>O uso das chamadas \u201ccanetas emagrecedoras\u201d entre pessoas que ainda est\u00e3o em fase de crescimento levou a Sociedade Brasileira de Pediatria (SBP) a fazer um alerta. Para a entidade, esses medicamentos n\u00e3o podem ser tratados como produtos de uso est\u00e9tico ou como uma solu\u00e7\u00e3o r\u00e1pida para perder alguns quilos.<\/p>\n\n\n\n<p>A preocupa\u00e7\u00e3o cresce em meio \u00e0 populariza\u00e7\u00e3o dos medicamentos nas redes sociais e \u00e0 circula\u00e7\u00e3o de produtos de origem duvidosa. Segundo a SBP, a banaliza\u00e7\u00e3o do uso pode expor crian\u00e7as e adolescentes a riscos que v\u00e3o desde n\u00e1useas, v\u00f4mitos e desidrata\u00e7\u00e3o at\u00e9 perda de massa muscular, preju\u00edzos ao crescimento e poss\u00edveis transtornos alimentares.<\/p>\n\n\n\n<p>Alerta<\/p>\n\n\n\n<p>A m\u00e9dica Adriane Cardoso, integrante do Departamento de Endocrinologia da Sociedade Brasileira de Pediatria, explica que o alerta surgiu justamente diante da forma como esses medicamentos passaram a ser apresentados ao p\u00fablico. \u201cEsses medicamentos est\u00e3o sendo muito divulgados nas m\u00eddias, nas redes sociais e at\u00e9 em grupos de pacientes, de adolescentes e de familiares, \u00e0s vezes com promessa de perda de peso r\u00e1pida e f\u00e1cil, sem indica\u00e7\u00e3o formal. Muitas vezes, o uso \u00e9 apresentado para fins est\u00e9ticos ou moment\u00e2neos\u201d, afirma.<\/p>\n\n\n\n<p>A especialista tamb\u00e9m chama aten\u00e7\u00e3o para outro problema: a oferta crescente de produtos sem seguran\u00e7a comprovada. \u201cExiste uma oferta cada vez maior de produtos de proced\u00eancia duvidosa, manipulados de forma irregular ou n\u00e3o permitidos pela Anvisa\u201d, alerta.<\/p>\n\n\n\n<p>A pr\u00f3pria Sociedade Brasileira de Pediatria defende que a express\u00e3o \u201ccaneta emagrecedora\u201d, embora popular, seja substitu\u00edda por uma defini\u00e7\u00e3o mais precisa: medicamentos para o tratamento da obesidade. Para a entidade, reduzir esses produtos \u00e0 ideia de emagrecimento pode refor\u00e7ar a falsa impress\u00e3o de que se trata apenas de uma solu\u00e7\u00e3o r\u00e1pida para modificar a apar\u00eancia.<\/p>\n\n\n\n<p>N\u00e3o \u00e9 para qualquer crian\u00e7a<\/p>\n\n\n\n<p>Apesar do alerta, a SBP ressalta que os medicamentos t\u00eam import\u00e2ncia no tratamento de pacientes espec\u00edficos. O problema, segundo a entidade, n\u00e3o est\u00e1 necessariamente no medicamento, mas no uso sem indica\u00e7\u00e3o, sem acompanhamento e fora dos crit\u00e9rios estabelecidos. No Brasil, at\u00e9 agosto de 2026, tr\u00eas medicamentos desse grupo tinham aprova\u00e7\u00e3o da Ag\u00eancia Nacional de Vigil\u00e2ncia Sanit\u00e1ria (Anvisa) para situa\u00e7\u00f5es espec\u00edficas na faixa et\u00e1ria pedi\u00e1trica.<\/p>\n\n\n\n<p>ComprarAtlas Geogr\u00e1ficos<\/p>\n\n\n\n<p>A liraglutida pode ser utilizada no tratamento do diabetes tipo 2 em crian\u00e7as a partir dos 10 anos. Para obesidade, a indica\u00e7\u00e3o \u00e9 para adolescentes com 12 anos ou mais e peso superior a 60 quilos. A semaglutida \u00e9 autorizada para o tratamento da obesidade em adolescentes a partir dos 12 anos, tamb\u00e9m com peso superior a 60 quilos. J\u00e1 a tirzepatida, segundo a nota t\u00e9cnica da SBP, tem indica\u00e7\u00e3o pedi\u00e1trica para o tratamento do diabetes tipo 2 a partir dos 10 anos, mas ainda n\u00e3o possui aprova\u00e7\u00e3o para o tratamento da obesidade em adolescentes.<\/p>\n\n\n\n<p>Para Adriane Cardoso, esses crit\u00e9rios mostram que n\u00e3o existe uma f\u00f3rmula \u00fanica. \u201cA indica\u00e7\u00e3o precisa ser individualizada. S\u00e3o medicamentos para o tratamento da obesidade ou do diabetes tipo 2 em situa\u00e7\u00f5es espec\u00edficas. N\u00e3o significa que qualquer adolescente que queira emagrecer possa usar\u201d, explica.<\/p>\n\n\n\n<p>A m\u00e9dica refor\u00e7a que o diagn\u00f3stico, por si s\u00f3, tamb\u00e9m n\u00e3o significa prescri\u00e7\u00e3o autom\u00e1tica. Antes de indicar o medicamento, o profissional deve avaliar o quadro cl\u00ednico, o crescimento, o desenvolvimento, outras doen\u00e7as associadas e as condi\u00e7\u00f5es de acompanhamento do paciente.<\/p>\n\n\n\n<p>Risco<\/p>\n\n\n\n<p>Um dos principais pontos de preocupa\u00e7\u00e3o da pediatria est\u00e1 justamente em uma caracter\u00edstica que, para muitos adultos, \u00e9 apresentada como benef\u00edcio: a redu\u00e7\u00e3o do apetite. Em crian\u00e7as e adolescentes, comer menos sem acompanhamento adequado pode significar deixar de consumir nutrientes importantes em uma fase decisiva para o desenvolvimento do organismo.<\/p>\n\n\n\n<p>\u201cNa crian\u00e7a e no adolescente, a gente precisa ter um cuidado muito grande com rela\u00e7\u00e3o ao crescimento e ao desenvolvimento puberal. Uma crian\u00e7a que est\u00e1 comendo menos, ou est\u00e1 comendo de maneira incorreta, mesmo em menor quantidade, pode desenvolver uma desnutri\u00e7\u00e3o escondida e defici\u00eancia de vitaminas\u201d, explica Adriane. Segundo ela, as consequ\u00eancias podem ultrapassar a balan\u00e7a. \u201cIsso pode prejudicar at\u00e9 o estir\u00e3o da puberdade. Ent\u00e3o, \u00e9 preciso ter todo o cuidado\u201d, afirma.<\/p>\n\n\n\n<p>Efeitos<\/p>\n\n\n\n<p>Os efeitos adversos mais comuns desses medicamentos s\u00e3o gastrointestinais. Entre eles est\u00e3o n\u00e1useas, v\u00f4mitos, diarreia, refluxo e constipa\u00e7\u00e3o. Quando o uso ocorre sem acompanhamento m\u00e9dico, esses problemas podem se tornar mais graves. \u201cA gente pode ter diarreia, desidrata\u00e7\u00e3o, v\u00f4mitos, n\u00e1useas e perda de massa muscular. Sem acompanhamento, esses eventos adversos podem ter maior gravidade\u201d, afirma Adriane Cardoso.<\/p>\n\n\n\n<p>Entre as complica\u00e7\u00f5es potencialmente graves, a especialista destaca o risco de pancreatite aguda. \u201c\u00c9 um efeito mais grave que pode acontecer com essas medica\u00e7\u00f5es. Por isso, o acompanhamento m\u00e9dico \u00e9 fundamental\u201d, diz. A nota da Sociedade Brasileira de Pediatria tamb\u00e9m cita pancreatite, hipoglicemia e problemas na ves\u00edcula entre os eventos adversos que exigem aten\u00e7\u00e3o m\u00e9dica.<\/p>\n\n\n\n<p>Para a m\u00e9dica, essa l\u00f3gica pode afetar diretamente a rela\u00e7\u00e3o do adolescente com a comida e com o pr\u00f3prio corpo. \u201cA adolesc\u00eancia \u00e9 uma \u00e9poca de risco para a instala\u00e7\u00e3o de transtornos alimentares. O uso est\u00e9tico desses medicamentos pode distorcer ainda mais a rela\u00e7\u00e3o do adolescente com a comida e com o seu corpo e servir como um gatilho para o desenvolvimento desses transtornos\u201d, alerta.<\/p>\n\n\n\n<p>A nota t\u00e9cnica da SBP cita riscos de transtornos como anorexia e bulimia, al\u00e9m de ansiedade e sofrimento relacionados \u00e0 imagem corporal. Por isso, a orienta\u00e7\u00e3o aos profissionais \u00e9 investigar por que o adolescente deseja emagrecer, quanto pretende perder, quem recomendou o medicamento e quais expectativas est\u00e3o associadas ao tratamento.<\/p>\n\n\n\n<p>Um problema que come\u00e7a na banaliza\u00e7\u00e3o<\/p>\n\n\n\n<p>O alerta da Sociedade Brasileira de Pediatria surge em um momento em que v\u00eddeos sobre medicamentos para emagrecimento se multiplicam nas redes sociais. O assunto deixou os consult\u00f3rios e passou a fazer parte das conversas cotidianas, muitas vezes sem a informa\u00e7\u00e3o necess\u00e1ria sobre riscos, contraindica\u00e7\u00f5es e limites. Para a entidade, essa populariza\u00e7\u00e3o exige cautela.A SBP \u00e9 clara ao afirmar que esses medicamentos n\u00e3o devem ser utilizados por adolescentes com peso adequado apenas para alcan\u00e7ar um determinado padr\u00e3o de beleza, nem para compensar excessos alimentares ou sedentarismo.<\/p>\n\n\n\n<p>A recomenda\u00e7\u00e3o tamb\u00e9m \u00e9 evitar medicamentos comprados pela internet, produtos clandestinos, manipulados irregularmente ou importados sem registro sanit\u00e1rio. A prescri\u00e7\u00e3o deve ser feita por m\u00e9dico, com acompanhamento regular do paciente. No fim das contas, a mensagem da pediatria \u00e9 simples, mas urgente: uma crian\u00e7a ou adolescente n\u00e3o pode ser tratado como um adulto em miniatura.<\/p>\n\n\n\n<p>O organismo ainda est\u00e1 crescendo. Os ossos ainda est\u00e3o se desenvolvendo. A puberdade ainda est\u00e1 acontecendo. A rela\u00e7\u00e3o com a comida e com o pr\u00f3prio corpo ainda est\u00e1 sendo constru\u00edda.<\/p>\n\n\n\n<p>E \u00e9 justamente por isso que, antes de uma promessa de emagrecimento r\u00e1pido, existe uma pergunta que precisa vir primeiro: essa crian\u00e7a realmente precisa desse medicamento?<\/p>\n\n\n\n<p>Para Adriane Cardoso, a resposta jamais deve vir de um v\u00eddeo na internet, de uma tend\u00eancia nas redes sociais ou do desejo de alcan\u00e7ar um padr\u00e3o de beleza. \u201cEsses medicamentos precisam ser usados com indica\u00e7\u00e3o correta e acompanhamento m\u00e9dico. O problema n\u00e3o \u00e9 o medicamento em si. O grande problema \u00e9 a banaliza\u00e7\u00e3o do uso\u201d, conclui.<\/p>\n\n\n\n<p><\/p>\n","protected":false},"excerpt":{"rendered":"<p>Foto: Divulga\u00e7\u00e3o Por Marcos Vit\u00f3rio Elas aparecem nas redes sociais como promessa de uma transforma\u00e7\u00e3o r\u00e1pida. V\u00eddeos mostram resultados em poucos meses, corpos antes e depois e discursos que associam uma inje\u00e7\u00e3o \u00e0 solu\u00e7\u00e3o para o excesso de peso. Mas, quando o assunto envolve crian\u00e7as e adolescentes, a discuss\u00e3o ganha uma dimens\u00e3o ainda mais delicada.<\/p>\n","protected":false},"author":5,"featured_media":78626,"comment_status":"open","ping_status":"open","sticky":false,"template":"","format":"standard","meta":{"om_disable_all_campaigns":false,"_monsterinsights_skip_tracking":false,"footnotes":""},"categories":[39],"tags":[],"class_list":{"0":"post-78625","1":"post","2":"type-post","3":"status-publish","4":"format-standard","5":"has-post-thumbnail","7":"category-brasil"},"_links":{"self":[{"href":"https:\/\/comandogeraldanoticia.com.br\/index.php\/wp-json\/wp\/v2\/posts\/78625","targetHints":{"allow":["GET"]}}],"collection":[{"href":"https:\/\/comandogeraldanoticia.com.br\/index.php\/wp-json\/wp\/v2\/posts"}],"about":[{"href":"https:\/\/comandogeraldanoticia.com.br\/index.php\/wp-json\/wp\/v2\/types\/post"}],"author":[{"embeddable":true,"href":"https:\/\/comandogeraldanoticia.com.br\/index.php\/wp-json\/wp\/v2\/users\/5"}],"replies":[{"embeddable":true,"href":"https:\/\/comandogeraldanoticia.com.br\/index.php\/wp-json\/wp\/v2\/comments?post=78625"}],"version-history":[{"count":1,"href":"https:\/\/comandogeraldanoticia.com.br\/index.php\/wp-json\/wp\/v2\/posts\/78625\/revisions"}],"predecessor-version":[{"id":78627,"href":"https:\/\/comandogeraldanoticia.com.br\/index.php\/wp-json\/wp\/v2\/posts\/78625\/revisions\/78627"}],"wp:featuredmedia":[{"embeddable":true,"href":"https:\/\/comandogeraldanoticia.com.br\/index.php\/wp-json\/wp\/v2\/media\/78626"}],"wp:attachment":[{"href":"https:\/\/comandogeraldanoticia.com.br\/index.php\/wp-json\/wp\/v2\/media?parent=78625"}],"wp:term":[{"taxonomy":"category","embeddable":true,"href":"https:\/\/comandogeraldanoticia.com.br\/index.php\/wp-json\/wp\/v2\/categories?post=78625"},{"taxonomy":"post_tag","embeddable":true,"href":"https:\/\/comandogeraldanoticia.com.br\/index.php\/wp-json\/wp\/v2\/tags?post=78625"}],"curies":[{"name":"wp","href":"https:\/\/api.w.org\/{rel}","templated":true}]}}