{"id":78622,"date":"2026-09-02T09:43:40","date_gmt":"2026-09-02T09:43:40","guid":{"rendered":"https:\/\/comandogeraldanoticia.com.br\/?p=78622"},"modified":"2026-09-02T09:43:41","modified_gmt":"2026-09-02T09:43:41","slug":"vorcaro-mandou-preparar-experiencia-completa-para-moraes-em-hotel","status":"publish","type":"post","link":"https:\/\/comandogeraldanoticia.com.br\/index.php\/2026\/09\/02\/vorcaro-mandou-preparar-experiencia-completa-para-moraes-em-hotel\/","title":{"rendered":"Vorcaro mandou preparar \u201cexperi\u00eancia completa\u201d para Moraes em hotel"},"content":{"rendered":"\n<h4 class=\"wp-block-heading\">Foto: Reprodu\u00e7\u00e3o<\/h4>\n\n\n\n<p>O banqueiro Daniel Vorcaro mandou que fosse preparada uma \u201cexperi\u00eancia completa\u201d para o ministro Alexandre de Moraes e mais nove convidados em um hotel de luxo em Campos do Jord\u00e3o, em dezembro de 2023. A informa\u00e7\u00e3o consta em troca de mensagens interceptadas pela Pol\u00edcia Federal.<\/p>\n\n\n\n<p>O almo\u00e7o para \u201cconvidados ultra vips\u201d aconteceu duas semanas antes do escrit\u00f3rio da mulher de Alexandre de Moraes, Viviane Barci, fechar um contrato de R$ 131 milh\u00f5es com o Banco Master.<\/p>\n\n\n\n<p>No dia 27 de dezembro de 2023, Vorcaro contata uma funcion\u00e1ria chamada \u201cTatiana Prime\u201d e diz que precisaria fazer um almo\u00e7o em Campos no dia 30. Ele pede para ser uma \u201cexperi\u00eancia completa\u201d e avisa que os convidados s\u00e3o \u201cultra vips\u201d. O banqueiro informou que o encontro seria para 9 pessoas e quatro seguran\u00e7as.<\/p>\n\n\n\n<p>A funcion\u00e1ria questiona se deveria providenciar um cantor para o almo\u00e7o. Vorcaro responde que sim e pede para fazer uma \u201cexperi\u00eancia no Botanique\u201d, \u201cdeixar cavalos e etc\u201d. Botanique Hotel Experience \u00e9 um hotel de luxo em Campos do Jord\u00e3o. A di\u00e1ria do local pode chegar a R$ 6 mil por pessoa.<\/p>\n\n\n\n<p>No dia do almo\u00e7o, Vorcaro trocou mensagens com um funcion\u00e1rio que estava respons\u00e1vel por apresentar a acomoda\u00e7\u00e3o. O banqueiro se preocupou com a naturalidade do encontro, pediu que o funcion\u00e1rio n\u00e3o deixasse o encontro ser \u201cfor\u00e7ado demais\u201d e que fosse \u201cmandando not\u00edcias\u201d.<\/p>\n\n\n\n<p>O contato \u201cMichael\u201d, que estava apresentando o hotel para Alexandre de Moraes e seus convidados, continuou dando retornos a Vorcaro. Ele informou que o desembargador Airton Vieira, ex-assessor do ministro, tinha chegado ao local de t\u00e1xi, mas que voltaria com um motorista do banqueiro.<\/p>\n\n\n\n<p>Todo o encontro foi combinado pelo ex-ministro das Comunica\u00e7\u00f5es F\u00e1bio Faria. O ex-ministro de Jair Bolsonaro, inclusive, foi quem combinou com Vorcaro que a escolta de Moraes iria para o hotel um dia antes.<\/p>\n\n\n\n<p>Fonte Metr\u00f3pole<\/p>\n","protected":false},"excerpt":{"rendered":"<p>Foto: Reprodu\u00e7\u00e3o O banqueiro Daniel Vorcaro mandou que fosse preparada uma \u201cexperi\u00eancia completa\u201d para o ministro Alexandre de Moraes e mais nove convidados em um hotel de luxo em Campos do Jord\u00e3o, em dezembro de 2023. A informa\u00e7\u00e3o consta em troca de mensagens interceptadas pela Pol\u00edcia Federal. O almo\u00e7o para \u201cconvidados ultra vips\u201d aconteceu duas<\/p>\n","protected":false},"author":5,"featured_media":78623,"comment_status":"open","ping_status":"open","sticky":false,"template":"","format":"standard","meta":{"om_disable_all_campaigns":false,"_monsterinsights_skip_tracking":false,"footnotes":""},"categories":[71],"tags":[],"class_list":{"0":"post-78622","1":"post","2":"type-post","3":"status-publish","4":"format-standard","5":"has-post-thumbnail","7":"category-politica"},"_links":{"self":[{"href":"https:\/\/comandogeraldanoticia.com.br\/index.php\/wp-json\/wp\/v2\/posts\/78622","targetHints":{"allow":["GET"]}}],"collection":[{"href":"https:\/\/comandogeraldanoticia.com.br\/index.php\/wp-json\/wp\/v2\/posts"}],"about":[{"href":"https:\/\/comandogeraldanoticia.com.br\/index.php\/wp-json\/wp\/v2\/types\/post"}],"author":[{"embeddable":true,"href":"https:\/\/comandogeraldanoticia.com.br\/index.php\/wp-json\/wp\/v2\/users\/5"}],"replies":[{"embeddable":true,"href":"https:\/\/comandogeraldanoticia.com.br\/index.php\/wp-json\/wp\/v2\/comments?post=78622"}],"version-history":[{"count":1,"href":"https:\/\/comandogeraldanoticia.com.br\/index.php\/wp-json\/wp\/v2\/posts\/78622\/revisions"}],"predecessor-version":[{"id":78624,"href":"https:\/\/comandogeraldanoticia.com.br\/index.php\/wp-json\/wp\/v2\/posts\/78622\/revisions\/78624"}],"wp:featuredmedia":[{"embeddable":true,"href":"https:\/\/comandogeraldanoticia.com.br\/index.php\/wp-json\/wp\/v2\/media\/78623"}],"wp:attachment":[{"href":"https:\/\/comandogeraldanoticia.com.br\/index.php\/wp-json\/wp\/v2\/media?parent=78622"}],"wp:term":[{"taxonomy":"category","embeddable":true,"href":"https:\/\/comandogeraldanoticia.com.br\/index.php\/wp-json\/wp\/v2\/categories?post=78622"},{"taxonomy":"post_tag","embeddable":true,"href":"https:\/\/comandogeraldanoticia.com.br\/index.php\/wp-json\/wp\/v2\/tags?post=78622"}],"curies":[{"name":"wp","href":"https:\/\/api.w.org\/{rel}","templated":true}]}}