{"id":78619,"date":"2026-09-02T09:38:31","date_gmt":"2026-09-02T09:38:31","guid":{"rendered":"https:\/\/comandogeraldanoticia.com.br\/?p=78619"},"modified":"2026-09-02T09:38:32","modified_gmt":"2026-09-02T09:38:32","slug":"com-investimento-de-mais-de-r-12-milhao-centro-integrado-de-esporte-de-arembepe-passara-por-qualificacao","status":"publish","type":"post","link":"https:\/\/comandogeraldanoticia.com.br\/index.php\/2026\/09\/02\/com-investimento-de-mais-de-r-12-milhao-centro-integrado-de-esporte-de-arembepe-passara-por-qualificacao\/","title":{"rendered":"Com investimento de mais de R$ 1,2 milh\u00e3o, Centro Integrado de Esporte de Arembepe passar\u00e1 por qualifica\u00e7\u00e3o"},"content":{"rendered":"\n<p>O m\u00eas de setembro, marcado pelas celebra\u00e7\u00f5es do anivers\u00e1rio de Cama\u00e7ari, come\u00e7a com o an\u00fancio de mais uma a\u00e7\u00e3o voltada \u00e0 transforma\u00e7\u00e3o dos espa\u00e7os p\u00fablicos da cidade. Durante evento na noite desta ter\u00e7a-feira (1\u00ba), a Prefeitura de Cama\u00e7ari anunciou a qualifica\u00e7\u00e3o do Centro Integrado de Esporte (CIE) de Arembepe, na orla do munic\u00edpio, com investimento de R$ 1.275.856,97. O espa\u00e7o fica situado na localidade de Fonte das \u00c1guas.<\/p>\n\n\n\n<p>A interven\u00e7\u00e3o tem como objetivo devolver \u00e0 comunidade um equipamento moderno, seguro e plenamente funcional, fortalecendo a oferta de atividades esportivas e de conviv\u00eancia. O an\u00fancio integra o conjunto de obras voltadas \u00e0 melhoria da infraestrutura de Cama\u00e7ari, conforme destacou o prefeito Luiz Caetano.<\/p>\n\n\n\n<p>\u201cEstamos atuando em v\u00e1rias frentes. Em um ano e oito meses, temos v\u00e1rios investimentos tanto na sa\u00fade, na educa\u00e7\u00e3o, quanto na infraestrutura. Estamos reconstruindo a cidade com o olhar voltado para o cuidado com as pessoas\u201d, pontuou.<\/p>\n\n\n\n<p>Inaugurado em 2021, o CIE ficou sem manuten\u00e7\u00e3o, ainda na antiga gest\u00e3o municipal, e chegou a ficar sem condi\u00e7\u00f5es adequadas para utiliza\u00e7\u00e3o. Com a nova interven\u00e7\u00e3o, a estrutura ser\u00e1 recuperada e preparada para voltar a atender a comunidade.<\/p>\n\n\n\n<p>O equipamento \u00e9 destinado \u00e0 inicia\u00e7\u00e3o esportiva e poder\u00e1 receber atividades em modalidades como futsal, dan\u00e7a esportiva, jiu-jitsu, karat\u00ea e jud\u00f4.<\/p>\n\n\n\n<p>Para a assessora jur\u00eddica da Secretaria de Esporte, Lazer e Juventude (Sejuv), Eliete dos Santos, a qualifica\u00e7\u00e3o representa a retomada de um espa\u00e7o importante para o desenvolvimento esportivo na localidade. \u201cTemos um projeto de integra\u00e7\u00e3o social por meio do esporte. Aqui ser\u00e3o essas modalidades, atendendo tanto crian\u00e7as at\u00e9 idoso\u201d, ressaltou.<\/p>\n\n\n\n<p>As obras contemplam a revis\u00e3o completa da cobertura met\u00e1lica, a revitaliza\u00e7\u00e3o do piso, com instala\u00e7\u00e3o de novo piso esportivo, e a reforma dos vesti\u00e1rios. A quadra poliesportiva tamb\u00e9m ser\u00e1 requalificada, com nova pintura, recupera\u00e7\u00e3o dos equipamentos e do alambrado.<\/p>\n\n\n\n<p>O an\u00fancio foi celebrado pela comunidade, como a confeiteira Josiane Sena de Lima, 41 anos. \u201cUma estrutura dessa voltar a ser usada vai ser muito bom. Para os jovens, \u00e9 uma forma de tir\u00e1-los do meio das ruas e ter uma ocupa\u00e7\u00e3o. Al\u00e9m disso, pra os adultos, representa mais sa\u00fade\u201d, afirmou a moradora do Portal de Arembepe.<\/p>\n\n\n\n<p>A estudante Sabrina Borges, 16 anos, tamb\u00e9m celebrou a qualifica\u00e7\u00e3o do CIE. \u201cFazia v\u00f4lei e a experi\u00eancia era muito boa. N\u00e3o tinha nada pra fazer em casa de tarde e ia pra me divertir, fazer uma atividade f\u00edsica e pra n\u00e3o ficar sedent\u00e1ria. Agora com a reforma, espero que seja ainda melhor\u201d, ansiou a jovem, que reside na regi\u00e3o central de Arembepe.<\/p>\n\n\n\n<p>Al\u00e9m das interven\u00e7\u00f5es no CIE, nesta ter\u00e7a-feira, foi anunciada uma nova pra\u00e7a, que ser\u00e1 instalada em um espa\u00e7o de, aproximadamente, 800 metros quadrados, entre a Unidade de Sa\u00fade da Fam\u00edlia (USF) Fonte das \u00c1guas e a Capela S\u00e3o Paulo Ap\u00f3stolo. A iniciativa pretende promover mais mobilidade, seguran\u00e7a, acessibilidade e qualidade de vida para as pessoas.<\/p>\n\n\n\n<p>O titular da Secretaria da Infraestrutura (Seinfra), Jos\u00e9 M\u00e1rio Bastos, comentou sobre os servi\u00e7os. \u201cA ideia \u00e9 fazer uma pra\u00e7a neste local. Estamos fazendo o projeto de forma conjunta, entendendo a necessidade da comunidade\u201d, refor\u00e7ou.<\/p>\n\n\n\n<p>O padre Christian Vienne destacou o impacto positivo do novo espa\u00e7o. \u201cVai beneficiar toda a comunidade da Fonte das \u00c1guas, principalmente as duas institui\u00e7\u00f5es: a igreja e o posto de sa\u00fade. Ter tamb\u00e9m um estacionamento aqui ir\u00e1 facilitar o acesso a todos\u201d, defendeu.<\/p>\n\n\n\n<p>Foto: Patrick Abreu<\/p>\n","protected":false},"excerpt":{"rendered":"<p>O m\u00eas de setembro, marcado pelas celebra\u00e7\u00f5es do anivers\u00e1rio de Cama\u00e7ari, come\u00e7a com o an\u00fancio de mais uma a\u00e7\u00e3o voltada \u00e0 transforma\u00e7\u00e3o dos espa\u00e7os p\u00fablicos da cidade. Durante evento na noite desta ter\u00e7a-feira (1\u00ba), a Prefeitura de Cama\u00e7ari anunciou a qualifica\u00e7\u00e3o do Centro Integrado de Esporte (CIE) de Arembepe, na orla do munic\u00edpio, com investimento<\/p>\n","protected":false},"author":5,"featured_media":78620,"comment_status":"open","ping_status":"open","sticky":false,"template":"","format":"standard","meta":{"om_disable_all_campaigns":false,"_monsterinsights_skip_tracking":false,"footnotes":""},"categories":[43],"tags":[],"class_list":{"0":"post-78619","1":"post","2":"type-post","3":"status-publish","4":"format-standard","5":"has-post-thumbnail","7":"category-economia"},"_links":{"self":[{"href":"https:\/\/comandogeraldanoticia.com.br\/index.php\/wp-json\/wp\/v2\/posts\/78619","targetHints":{"allow":["GET"]}}],"collection":[{"href":"https:\/\/comandogeraldanoticia.com.br\/index.php\/wp-json\/wp\/v2\/posts"}],"about":[{"href":"https:\/\/comandogeraldanoticia.com.br\/index.php\/wp-json\/wp\/v2\/types\/post"}],"author":[{"embeddable":true,"href":"https:\/\/comandogeraldanoticia.com.br\/index.php\/wp-json\/wp\/v2\/users\/5"}],"replies":[{"embeddable":true,"href":"https:\/\/comandogeraldanoticia.com.br\/index.php\/wp-json\/wp\/v2\/comments?post=78619"}],"version-history":[{"count":1,"href":"https:\/\/comandogeraldanoticia.com.br\/index.php\/wp-json\/wp\/v2\/posts\/78619\/revisions"}],"predecessor-version":[{"id":78621,"href":"https:\/\/comandogeraldanoticia.com.br\/index.php\/wp-json\/wp\/v2\/posts\/78619\/revisions\/78621"}],"wp:featuredmedia":[{"embeddable":true,"href":"https:\/\/comandogeraldanoticia.com.br\/index.php\/wp-json\/wp\/v2\/media\/78620"}],"wp:attachment":[{"href":"https:\/\/comandogeraldanoticia.com.br\/index.php\/wp-json\/wp\/v2\/media?parent=78619"}],"wp:term":[{"taxonomy":"category","embeddable":true,"href":"https:\/\/comandogeraldanoticia.com.br\/index.php\/wp-json\/wp\/v2\/categories?post=78619"},{"taxonomy":"post_tag","embeddable":true,"href":"https:\/\/comandogeraldanoticia.com.br\/index.php\/wp-json\/wp\/v2\/tags?post=78619"}],"curies":[{"name":"wp","href":"https:\/\/api.w.org\/{rel}","templated":true}]}}