{"id":78616,"date":"2026-09-02T09:36:23","date_gmt":"2026-09-02T09:36:23","guid":{"rendered":"https:\/\/comandogeraldanoticia.com.br\/?p=78616"},"modified":"2026-09-02T09:36:24","modified_gmt":"2026-09-02T09:36:24","slug":"sedec-e-senac-inscrevem-para-cursos-gratuitos-em-diversas-areas","status":"publish","type":"post","link":"https:\/\/comandogeraldanoticia.com.br\/index.php\/2026\/09\/02\/sedec-e-senac-inscrevem-para-cursos-gratuitos-em-diversas-areas\/","title":{"rendered":"Sedec e Senac inscrevem para cursos gratuitos em diversas \u00e1reas"},"content":{"rendered":"\n<p>Setembro \u00e9 o m\u00eas da capacita\u00e7\u00e3o em Cama\u00e7ari. \u00c9 que atrav\u00e9s da parceria entre a Prefeitura, por meio da Secretaria de Desenvolvimento Econ\u00f4mico (Sedec), e o Servi\u00e7o Nacional de Aprendizagem Comercial (Senac) ser\u00e3o ofertados cerca de 20 cursos gratuitos de curta dura\u00e7\u00e3o em diversas \u00e1reas. As inscri\u00e7\u00f5es j\u00e1 est\u00e3o abertas e podem ser feitas enquanto houver vagas ou at\u00e9 o in\u00edcio das aulas de cada curso.<\/p>\n\n\n\n<p>As matr\u00edculas ocorrem presencialmente na unidade do Senac em Cama\u00e7ari, que fica localizada na Casa do Trabalho, com atendimento de segunda a sexta-feira, das 8h \u00e0s 21h e aos s\u00e1bados, das 8h \u00e0s 12h. No ato devem ser apresentados os seguintes documentos: RG, CPF, comprovante de resid\u00eancia e hist\u00f3rico escolar ou atestado de escolaridade, de acordo com os requisitos estabelecidos para cada capacita\u00e7\u00e3o.<\/p>\n\n\n\n<p>Essa \u00e9 uma oportunidade para quem deseja aprender novas habilidades, se qualificar e ampliar as oportunidades profissionais. Confira a lista dos cursos, com carga hor\u00e1ria, datas, hor\u00e1rio e requisitos:<\/p>\n\n\n\n<p><strong>Dic\u00e7\u00e3o, Desinibi\u00e7\u00e3o e Orat\u00f3ria<\/strong><\/p>\n\n\n\n<p>Carga hor\u00e1ria: 30h<\/p>\n\n\n\n<p>Data: 1\/9 a 15\/9 \u2013 Segunda, ter\u00e7a e quarta-feira<\/p>\n\n\n\n<p>Hor\u00e1rio: 13h \u00e0s 17h<\/p>\n\n\n\n<p>Requisito: a partir do Ensino Fundamental completo. A partir de 14 anos.<\/p>\n\n\n\n<p><strong>Elementos da Orat\u00f3ria para Media Training<\/strong><\/p>\n\n\n\n<p>Carga hor\u00e1ria: 12h<\/p>\n\n\n\n<p>Data: 2\/9 a 4\/9 \u2013 Ter\u00e7a, quarta e quinta-feira<\/p>\n\n\n\n<p>Hor\u00e1rio: 8h \u00e0s 12h<\/p>\n\n\n\n<p>Requisito: a partir do Ensino Fundamental completo. A partir de 16 anos.<\/p>\n\n\n\n<p><strong>M\u00e3os que falam: Vamos aprender LIBRAS?<\/strong><\/p>\n\n\n\n<p>Carga hor\u00e1ria: 3h<\/p>\n\n\n\n<p>Data: 3\/9 \u2013 Quinta-feira<\/p>\n\n\n\n<p>Hor\u00e1rio: 18h \u00e0s 21h<\/p>\n\n\n\n<p>Requisito: a partir do Ensino Fundamental incompleto. A partir de 14 anos.<\/p>\n\n\n\n<p><strong>No\u00e7\u00f5es B\u00e1sicas das Rotinas Administrativas<\/strong><\/p>\n\n\n\n<p>Carga hor\u00e1ria: 40h<\/p>\n\n\n\n<p>Data: 8\/9 a 23\/9 \u2013 Ter\u00e7a a sexta-feira<\/p>\n\n\n\n<p>Hor\u00e1rio: 8h \u00e0s 12h<\/p>\n\n\n\n<p>Requisito: a partir do Ensino Fundamental completo. A partir de 16 anos.<\/p>\n\n\n\n<p><strong>5S Aplicado a Log\u00edstica<\/strong><\/p>\n\n\n\n<p>Carga hor\u00e1ria: 12h<\/p>\n\n\n\n<p>Data: 8\/9 a 11\/9 \u2013 Ter\u00e7a a sexta-feira<\/p>\n\n\n\n<p>Hor\u00e1rio: 18h \u00e0s 21h<\/p>\n\n\n\n<p>Requisito: a partir do Ensino Fundamental incompleto. A partir de 16 anos.<\/p>\n\n\n\n<p><strong>5S Aplicado a Log\u00edstica<\/strong><\/p>\n\n\n\n<p>Carga hor\u00e1ria: 12h<\/p>\n\n\n\n<p>Data: 14\/9 a 21\/9 \u2013 Segunda, ter\u00e7a e quarta-feira<\/p>\n\n\n\n<p>Hor\u00e1rio: 13h30 \u00e0s 16h30<\/p>\n\n\n\n<p>Requisito: a partir do Ensino Fundamental incompleto. A partir de 16 anos.<\/p>\n\n\n\n<p><strong>Gest\u00e3o de Opera\u00e7\u00f5es Log\u00edsticas<\/strong><\/p>\n\n\n\n<p>Carga hor\u00e1ria: 16h<\/p>\n\n\n\n<p>Data: 9\/9 a 24\/9 \u2013 Quarta, quinta e sexta-feira<\/p>\n\n\n\n<p>Hor\u00e1rio: 8h \u00e0s 12h<\/p>\n\n\n\n<p>Requisito: a partir do Ensino Fundamental completo. A partir de 16 anos.<\/p>\n\n\n\n<p><strong>Log\u00edstica: Introdu\u00e7\u00e3o \u00e0 Atua\u00e7\u00e3o Profissional<\/strong><\/p>\n\n\n\n<p>Carga hor\u00e1ria: 8h<\/p>\n\n\n\n<p>Data: 12\/9 e 19\/9 \u2013 S\u00e1bado<\/p>\n\n\n\n<p>Hor\u00e1rio: 8h \u00e0s 12h<\/p>\n\n\n\n<p>Requisito: a partir do Ensino Fundamental incompleto. A partir de 14 anos.<\/p>\n\n\n\n<p><strong>Almoxarife de Obras<\/strong><\/p>\n\n\n\n<p>Carga hor\u00e1ria: 160h<\/p>\n\n\n\n<p>Data: 14\/9 a 25\/11 \u2013 Segunda a quinta-feira<\/p>\n\n\n\n<p>Hor\u00e1rio: 13h \u00e0s 17h<\/p>\n\n\n\n<p>Requisito: a partir do Ensino Fundamental completo. A partir de 14 anos.<\/p>\n\n\n\n<p><strong>Assistente de Recursos Humanos<\/strong><\/p>\n\n\n\n<p>Carga hor\u00e1ria: 160h<\/p>\n\n\n\n<p>Data: 14\/9 a 2\/12 \u2013 Segunda a sexta-feira<\/p>\n\n\n\n<p>Hor\u00e1rio: 18h \u00e0s 21h<\/p>\n\n\n\n<p>Requisito: cursando a partir do Ensino M\u00e9dio. A partir de 15 anos.<\/p>\n\n\n\n<p><strong>Qualifica\u00e7\u00e3o Profissional de Camareira (PSG)<\/strong><\/p>\n\n\n\n<p>Carga hor\u00e1ria: 160h<\/p>\n\n\n\n<p>Data: 14\/9 a 24\/11 \u2013 Segunda a quinta-feira<\/p>\n\n\n\n<p>Hor\u00e1rio: 8h \u00e0s 12h<\/p>\n\n\n\n<p>Requisito: a partir do Ensino Fundamental completo. A partir de 18 anos.<\/p>\n\n\n\n<p><strong>Intelig\u00eancia Emocional para Administra\u00e7\u00e3o de Conflitos<\/strong><\/p>\n\n\n\n<p>Carga hor\u00e1ria: 20h<\/p>\n\n\n\n<p>Data: 15\/9 a 23\/9 \u2013 Ter\u00e7a, quarta e quinta-feira<\/p>\n\n\n\n<p>Hor\u00e1rio: 8h \u00e0s 12h<\/p>\n\n\n\n<p>Requisito: a partir do Ensino M\u00e9dio completo. A partir de 18 anos.<\/p>\n\n\n\n<p><strong>Assistente Financeiro<\/strong><\/p>\n\n\n\n<p>Cargahor\u00e1ria: 160h<\/p>\n\n\n\n<p>Data: 14\/9 a 2\/12 \u2013 Segunda a sexta-feira<\/p>\n\n\n\n<p>Hor\u00e1rio: 18h \u00e0s 21h<\/p>\n\n\n\n<p>Requisito: a partir do Ensino M\u00e9dio incompleto. A partir de 16 anos.<\/p>\n\n\n\n<p><strong>Rotinas de Departamento Pessoal<\/strong><\/p>\n\n\n\n<p>Carga hor\u00e1ria: 20h<\/p>\n\n\n\n<p>Data: 14\/09 a 18\/09 \u2013 Segunda a sexta-feira<\/p>\n\n\n\n<p>Hor\u00e1rio: 13h \u00e0s 17h<\/p>\n\n\n\n<p>Requisito: a partir do Ensino Fundamental completo. A partir de 16 anos.<\/p>\n\n\n\n<p><strong>Reda\u00e7\u00e3o para Vestibular<\/strong><\/p>\n\n\n\n<p>Carga hor\u00e1ria: 40h<\/p>\n\n\n\n<p>Data: 16\/9 a 7\/10 \u2013 Ter\u00e7a, quarta e quinta-feira<\/p>\n\n\n\n<p>Hor\u00e1rio: 13h \u00e0s 17h<\/p>\n\n\n\n<p>Requisito: a partir do Ensino Fundamental completo. A partir de 16 anos.<\/p>\n\n\n\n<p><strong>Boas Pr\u00e1ticas na Manipula\u00e7\u00e3o de Alimentos<\/strong><\/p>\n\n\n\n<p>Carga hor\u00e1ria: 12h<\/p>\n\n\n\n<p>Data: 16\/9 a 18\/9 \u2013 Quarta, quinta e sexta-feira<\/p>\n\n\n\n<p>Hor\u00e1rio: 13h \u00e0s 17h<\/p>\n\n\n\n<p>Requisito: a partir do Ensino Fundamental (1\u00ba a 5\u00ba ano). A partir de 18 anos.<\/p>\n\n\n\n<p><strong>Etiqueta \u00e0 Mesa<\/strong><\/p>\n\n\n\n<p>Carga hor\u00e1ria: 4h<\/p>\n\n\n\n<p>Data: 16\/9 \u2013 Quarta-feira<\/p>\n\n\n\n<p>Hor\u00e1rio: 8h \u00e0s 12h<\/p>\n\n\n\n<p>Requisito: a partir do Ensino Fundamental incompleto. A partir de 16 anos.<\/p>\n\n\n\n<p><strong>Qualidade no Atendimento ao Turista<\/strong><\/p>\n\n\n\n<p>Carga hor\u00e1ria: 20h<\/p>\n\n\n\n<p>Data: 22\/9 a 30\/9 \u2013 Ter\u00e7a, quarta e quinta-feira<\/p>\n\n\n\n<p>Hor\u00e1rio: 8h \u00e0s 12h<\/p>\n\n\n\n<p>Requisito: a partir do Ensino Fundamental incompleto. A partir de 16 anos.<\/p>\n\n\n\n<p><strong>Carreira e Empregabilidade: Caminhos para o Sucesso Profissional<\/strong><\/p>\n\n\n\n<p>Carga hor\u00e1ria: 8h<\/p>\n\n\n\n<p>Data: 23\/9 e 24\/9 \u2013 Quarta e quinta-feira<\/p>\n\n\n\n<p>Hor\u00e1rio: 13h \u00e0s 17h<\/p>\n\n\n\n<p>Requisito: a partir do Ensino Fundamental incompleto. A partir de 14 anos&nbsp;<\/p>\n\n\n\n<p>Foto: Juliano Sarraf<\/p>\n","protected":false},"excerpt":{"rendered":"<p>Setembro \u00e9 o m\u00eas da capacita\u00e7\u00e3o em Cama\u00e7ari. \u00c9 que atrav\u00e9s da parceria entre a Prefeitura, por meio da Secretaria de Desenvolvimento Econ\u00f4mico (Sedec), e o Servi\u00e7o Nacional de Aprendizagem Comercial (Senac) ser\u00e3o ofertados cerca de 20 cursos gratuitos de curta dura\u00e7\u00e3o em diversas \u00e1reas. As inscri\u00e7\u00f5es j\u00e1 est\u00e3o abertas e podem ser feitas enquanto<\/p>\n","protected":false},"author":5,"featured_media":78617,"comment_status":"open","ping_status":"open","sticky":false,"template":"","format":"standard","meta":{"om_disable_all_campaigns":false,"_monsterinsights_skip_tracking":false,"footnotes":""},"categories":[44],"tags":[],"class_list":{"0":"post-78616","1":"post","2":"type-post","3":"status-publish","4":"format-standard","5":"has-post-thumbnail","7":"category-example-6"},"_links":{"self":[{"href":"https:\/\/comandogeraldanoticia.com.br\/index.php\/wp-json\/wp\/v2\/posts\/78616","targetHints":{"allow":["GET"]}}],"collection":[{"href":"https:\/\/comandogeraldanoticia.com.br\/index.php\/wp-json\/wp\/v2\/posts"}],"about":[{"href":"https:\/\/comandogeraldanoticia.com.br\/index.php\/wp-json\/wp\/v2\/types\/post"}],"author":[{"embeddable":true,"href":"https:\/\/comandogeraldanoticia.com.br\/index.php\/wp-json\/wp\/v2\/users\/5"}],"replies":[{"embeddable":true,"href":"https:\/\/comandogeraldanoticia.com.br\/index.php\/wp-json\/wp\/v2\/comments?post=78616"}],"version-history":[{"count":1,"href":"https:\/\/comandogeraldanoticia.com.br\/index.php\/wp-json\/wp\/v2\/posts\/78616\/revisions"}],"predecessor-version":[{"id":78618,"href":"https:\/\/comandogeraldanoticia.com.br\/index.php\/wp-json\/wp\/v2\/posts\/78616\/revisions\/78618"}],"wp:featuredmedia":[{"embeddable":true,"href":"https:\/\/comandogeraldanoticia.com.br\/index.php\/wp-json\/wp\/v2\/media\/78617"}],"wp:attachment":[{"href":"https:\/\/comandogeraldanoticia.com.br\/index.php\/wp-json\/wp\/v2\/media?parent=78616"}],"wp:term":[{"taxonomy":"category","embeddable":true,"href":"https:\/\/comandogeraldanoticia.com.br\/index.php\/wp-json\/wp\/v2\/categories?post=78616"},{"taxonomy":"post_tag","embeddable":true,"href":"https:\/\/comandogeraldanoticia.com.br\/index.php\/wp-json\/wp\/v2\/tags?post=78616"}],"curies":[{"name":"wp","href":"https:\/\/api.w.org\/{rel}","templated":true}]}}