{"id":78613,"date":"2026-09-02T09:33:55","date_gmt":"2026-09-02T09:33:55","guid":{"rendered":"https:\/\/comandogeraldanoticia.com.br\/?p=78613"},"modified":"2026-09-02T09:33:56","modified_gmt":"2026-09-02T09:33:56","slug":"policlinica-de-camacari-inicia-atendimento-especializado-as-pessoas-ostomizadas","status":"publish","type":"post","link":"https:\/\/comandogeraldanoticia.com.br\/index.php\/2026\/09\/02\/policlinica-de-camacari-inicia-atendimento-especializado-as-pessoas-ostomizadas\/","title":{"rendered":"Policl\u00ednica de Cama\u00e7ari inicia atendimento especializado \u00e0s pessoas ostomizadas"},"content":{"rendered":"\n<p>A Policl\u00ednica de Cama\u00e7ari iniciou, nesta ter\u00e7a-feira (1), os atendimentos aos cerca de 200 usu\u00e1rios cadastrados no Servi\u00e7o de Aten\u00e7\u00e3o \u00e0 Pessoa Ostomizada. O servi\u00e7o, que antes era realizado no Centro Especializado em Reabilita\u00e7\u00e3o F\u00edsica e Intelectual (CER II), agora passa a contar com uma estrutura mais ampla, moderna e adequada \u00e0s necessidades espec\u00edficas de cada paciente, fortalecendo a assist\u00eancia e proporcionando mais conforto, seguran\u00e7a e acolhimento durante o acompanhamento.<\/p>\n\n\n\n<p>O p\u00fablico atendido \u00e9 diverso e inclui desde rec\u00e9m-nascidos e crian\u00e7as at\u00e9 adultos e idosos. A maioria dos pacientes acompanhados possui diagn\u00f3stico oncol\u00f3gico, mas o servi\u00e7o tamb\u00e9m atende usu\u00e1rios com ostomias decorrentes de outras condi\u00e7\u00f5es, como casos de m\u00e1-forma\u00e7\u00e3o cong\u00eanita, a exemplo dos pacientes neonatais e pedi\u00e1tricos.<\/p>\n\n\n\n<p>Para a enfermeira respons\u00e1vel, Wylana Barbosa Pereira, a mudan\u00e7a de estrutura representa uma importante melhoria na assist\u00eancia oferecida pelo munic\u00edpio. \u201cA transfer\u00eancia do atendimento para a nova Policl\u00ednica de Cama\u00e7ari possibilita oferecer um acolhimento mais estruturado. O objetivo \u00e9 que cada pessoa ostomizada tenha cada vez mais cuidado qualificado, respeitando as necessidades e particularidades de cada uma, desde o usu\u00e1rio neonatal at\u00e9 o adulto\u201d, afirmou.<\/p>\n\n\n\n<p>Parte da avalia\u00e7\u00e3o e a troca das bolsas de ostomia s\u00e3o realizadas de segunda a sexta-feira, das 8h \u00e0s 17h. Os usu\u00e1rios tamb\u00e9m contam com atendimento do m\u00e9dico especialista, \u00e0s quartas e sextas-feiras.<\/p>\n\n\n\n<p>A estrutura da Policl\u00ednica disp\u00f5e de banheiro espec\u00edfico para a realiza\u00e7\u00e3o dos procedimentos de troca das bolsas, garantindo mais privacidade, higiene e seguran\u00e7a aos usu\u00e1rios, bem como a continuidade do acesso ao cuidado multiprofissional, com atendimentos nas \u00e1reas de enfermagem, medicina, psicologia, servi\u00e7o social e nutri\u00e7\u00e3o.<\/p>\n\n\n\n<p>O acesso ao atendimento especializado, como tamb\u00e9m aos insumos e bolsas de colostomia\/ileostomia\/urostomia, \u00e9 realizado por meio do cadastrado no Servi\u00e7o de Aten\u00e7\u00e3o \u00e0 Pessoa Ostomizada.<\/p>\n\n\n\n<p>A mudan\u00e7a de espa\u00e7o integra a estrat\u00e9gia da Secretaria de Sa\u00fade de Cama\u00e7ari (Sesau) de qualificar a assist\u00eancia prestada pela rede municipal e oferecer melhores condi\u00e7\u00f5es de atendimento \u00e0 popula\u00e7\u00e3o. A proposta \u00e9 garantir que o acompanhamento das pessoas ostomizadas aconte\u00e7a de forma ainda mais integral, considerando n\u00e3o apenas os cuidados relacionados ao uso e \u00e0 troca das bolsas, mas tamb\u00e9m aspectos emocionais, sociais e nutricionais que fazem parte da rotina desses pacientes.<br><br>Foto: Juliano Sarraf<\/p>\n","protected":false},"excerpt":{"rendered":"<p>A Policl\u00ednica de Cama\u00e7ari iniciou, nesta ter\u00e7a-feira (1), os atendimentos aos cerca de 200 usu\u00e1rios cadastrados no Servi\u00e7o de Aten\u00e7\u00e3o \u00e0 Pessoa Ostomizada. O servi\u00e7o, que antes era realizado no Centro Especializado em Reabilita\u00e7\u00e3o F\u00edsica e Intelectual (CER II), agora passa a contar com uma estrutura mais ampla, moderna e adequada \u00e0s necessidades espec\u00edficas de<\/p>\n","protected":false},"author":5,"featured_media":78614,"comment_status":"open","ping_status":"open","sticky":false,"template":"","format":"standard","meta":{"om_disable_all_campaigns":false,"_monsterinsights_skip_tracking":false,"footnotes":""},"categories":[40],"tags":[],"class_list":{"0":"post-78613","1":"post","2":"type-post","3":"status-publish","4":"format-standard","5":"has-post-thumbnail","7":"category-camacari"},"_links":{"self":[{"href":"https:\/\/comandogeraldanoticia.com.br\/index.php\/wp-json\/wp\/v2\/posts\/78613","targetHints":{"allow":["GET"]}}],"collection":[{"href":"https:\/\/comandogeraldanoticia.com.br\/index.php\/wp-json\/wp\/v2\/posts"}],"about":[{"href":"https:\/\/comandogeraldanoticia.com.br\/index.php\/wp-json\/wp\/v2\/types\/post"}],"author":[{"embeddable":true,"href":"https:\/\/comandogeraldanoticia.com.br\/index.php\/wp-json\/wp\/v2\/users\/5"}],"replies":[{"embeddable":true,"href":"https:\/\/comandogeraldanoticia.com.br\/index.php\/wp-json\/wp\/v2\/comments?post=78613"}],"version-history":[{"count":1,"href":"https:\/\/comandogeraldanoticia.com.br\/index.php\/wp-json\/wp\/v2\/posts\/78613\/revisions"}],"predecessor-version":[{"id":78615,"href":"https:\/\/comandogeraldanoticia.com.br\/index.php\/wp-json\/wp\/v2\/posts\/78613\/revisions\/78615"}],"wp:featuredmedia":[{"embeddable":true,"href":"https:\/\/comandogeraldanoticia.com.br\/index.php\/wp-json\/wp\/v2\/media\/78614"}],"wp:attachment":[{"href":"https:\/\/comandogeraldanoticia.com.br\/index.php\/wp-json\/wp\/v2\/media?parent=78613"}],"wp:term":[{"taxonomy":"category","embeddable":true,"href":"https:\/\/comandogeraldanoticia.com.br\/index.php\/wp-json\/wp\/v2\/categories?post=78613"},{"taxonomy":"post_tag","embeddable":true,"href":"https:\/\/comandogeraldanoticia.com.br\/index.php\/wp-json\/wp\/v2\/tags?post=78613"}],"curies":[{"name":"wp","href":"https:\/\/api.w.org\/{rel}","templated":true}]}}