{"id":78610,"date":"2026-09-01T14:29:00","date_gmt":"2026-09-01T14:29:00","guid":{"rendered":"https:\/\/comandogeraldanoticia.com.br\/?p=78610"},"modified":"2026-09-01T14:29:00","modified_gmt":"2026-09-01T14:29:00","slug":"concerto-a-luz-de-vela-com-classicos-do-rock-chega-a-camacari-em-setembro","status":"publish","type":"post","link":"https:\/\/comandogeraldanoticia.com.br\/index.php\/2026\/09\/01\/concerto-a-luz-de-vela-com-classicos-do-rock-chega-a-camacari-em-setembro\/","title":{"rendered":"Concerto \u00e0 luz de vela com cl\u00e1ssicos do rock chega a Cama\u00e7ari em setembro"},"content":{"rendered":"\n<p>Com circula\u00e7\u00e3o em diversas cidades e estados do pa\u00eds, o Class Rock \u2013 Concerto \u00e0 Luz de Velas, chega a Cama\u00e7ari no dia 26 de setembro, \u00e0s 20h, no Teatro Cidade do Saber (TCS). A apresenta\u00e7\u00e3o \u00e9 uma experi\u00eancia musical com reinterpreta\u00e7\u00e3o de cl\u00e1ssicos do rock internacional, atrav\u00e9s do violino, que assume o papel de vocalista em uma performance instrumental iluminada por velas.<\/p>\n\n\n\n<p>No concerto, o violino \u00e9 acompanhado por uma forma\u00e7\u00e3o tradicional com banda, composta por guitarra, baixo, teclado e bateria, em um cen\u00e1rio que remete ao romantismo e \u00e0 est\u00e9tica dos concertos eruditos de s\u00e9culos passados. O repert\u00f3rio conta com sucessos de Queen, Metallica, Guns N\u2019Roses, Beatles, Bon Jovi, dentre outros.<\/p>\n\n\n\n<p>A classifica\u00e7\u00e3o \u00e9 de 10 anos e os ingressos j\u00e1 podem ser adquiridos atrav\u00e9s da plataforma Mega Bilheteria ou do <a href=\"https:\/\/megabilheteria.com\/evento?id=20260819140714#sinopse\" target=\"_blank\" rel=\"noreferrer noopener\">link<\/a>. As entradas custam R$ 70,00 a meia entrada e R$ 140,00 a inteira, al\u00e9m da possibilidade do ingresso solid\u00e1rio no valor de R$ 80,00, condicionado a doa\u00e7\u00e3o de 1 kg de alimento n\u00e3o perec\u00edvel, na entrada do evento. Os valores ser\u00e3o acrescidos de taxa administrativa.<\/p>\n\n\n\n<p>Foto: Divulga\u00e7\u00e3o<\/p>\n","protected":false},"excerpt":{"rendered":"<p>Com circula\u00e7\u00e3o em diversas cidades e estados do pa\u00eds, o Class Rock \u2013 Concerto \u00e0 Luz de Velas, chega a Cama\u00e7ari no dia 26 de setembro, \u00e0s 20h, no Teatro Cidade do Saber (TCS). A apresenta\u00e7\u00e3o \u00e9 uma experi\u00eancia musical com reinterpreta\u00e7\u00e3o de cl\u00e1ssicos do rock internacional, atrav\u00e9s do violino, que assume o papel de<\/p>\n","protected":false},"author":5,"featured_media":78611,"comment_status":"open","ping_status":"open","sticky":false,"template":"","format":"standard","meta":{"om_disable_all_campaigns":false,"_monsterinsights_skip_tracking":false,"footnotes":""},"categories":[43],"tags":[],"class_list":{"0":"post-78610","1":"post","2":"type-post","3":"status-publish","4":"format-standard","5":"has-post-thumbnail","7":"category-economia"},"_links":{"self":[{"href":"https:\/\/comandogeraldanoticia.com.br\/index.php\/wp-json\/wp\/v2\/posts\/78610","targetHints":{"allow":["GET"]}}],"collection":[{"href":"https:\/\/comandogeraldanoticia.com.br\/index.php\/wp-json\/wp\/v2\/posts"}],"about":[{"href":"https:\/\/comandogeraldanoticia.com.br\/index.php\/wp-json\/wp\/v2\/types\/post"}],"author":[{"embeddable":true,"href":"https:\/\/comandogeraldanoticia.com.br\/index.php\/wp-json\/wp\/v2\/users\/5"}],"replies":[{"embeddable":true,"href":"https:\/\/comandogeraldanoticia.com.br\/index.php\/wp-json\/wp\/v2\/comments?post=78610"}],"version-history":[{"count":1,"href":"https:\/\/comandogeraldanoticia.com.br\/index.php\/wp-json\/wp\/v2\/posts\/78610\/revisions"}],"predecessor-version":[{"id":78612,"href":"https:\/\/comandogeraldanoticia.com.br\/index.php\/wp-json\/wp\/v2\/posts\/78610\/revisions\/78612"}],"wp:featuredmedia":[{"embeddable":true,"href":"https:\/\/comandogeraldanoticia.com.br\/index.php\/wp-json\/wp\/v2\/media\/78611"}],"wp:attachment":[{"href":"https:\/\/comandogeraldanoticia.com.br\/index.php\/wp-json\/wp\/v2\/media?parent=78610"}],"wp:term":[{"taxonomy":"category","embeddable":true,"href":"https:\/\/comandogeraldanoticia.com.br\/index.php\/wp-json\/wp\/v2\/categories?post=78610"},{"taxonomy":"post_tag","embeddable":true,"href":"https:\/\/comandogeraldanoticia.com.br\/index.php\/wp-json\/wp\/v2\/tags?post=78610"}],"curies":[{"name":"wp","href":"https:\/\/api.w.org\/{rel}","templated":true}]}}