{"id":78607,"date":"2026-09-01T14:25:18","date_gmt":"2026-09-01T14:25:18","guid":{"rendered":"https:\/\/comandogeraldanoticia.com.br\/?p=78607"},"modified":"2026-09-01T14:25:18","modified_gmt":"2026-09-01T14:25:18","slug":"exames-de-ultrassonografia-fortalecem-atendimentos-no-multicentro-de-monte-gordo","status":"publish","type":"post","link":"https:\/\/comandogeraldanoticia.com.br\/index.php\/2026\/09\/01\/exames-de-ultrassonografia-fortalecem-atendimentos-no-multicentro-de-monte-gordo\/","title":{"rendered":"Exames de ultrassonografia fortalecem atendimentos no Multicentro de Monte Gordo"},"content":{"rendered":"\n<p>Fortalecendo a rede de atendimento especializado \u00e0 popula\u00e7\u00e3o da orla do munic\u00edpio, a Prefeitura de Cama\u00e7ari, atrav\u00e9s da Secretaria de Sa\u00fade (Sesau), ampliou, neste m\u00eas, a oferta de servi\u00e7os no Multicentro de Sa\u00fade de Monte Gordo, com a realiza\u00e7\u00e3o de exames de ultrassonografia.<\/p>\n\n\n\n<p>Semanalmente, s\u00e3o ofertadas 70 atendimentos, entre ultrassonografias de abdome total, abdome inferior (pelve feminina), tireoide, pr\u00f3stata, partes moles, ombro, joelho, m\u00e3o, punho, p\u00e9, tornozelo, transvaginal, mamas, axilas, obst\u00e9trico simples, regi\u00e3o inguinal e parede abdominal.<\/p>\n\n\n\n<p>A titular da Sesau, Rosangela Almeida, destacou que a unidade contempla toda a regi\u00e3o da orla, funcionando como um importante mecanismo de descentraliza\u00e7\u00e3o. \u201cTemos aqui diversos atendimentos em especialidades. Inclusive, iniciamos os exames de ultrassonografia, priorizando as gestantes, e j\u00e1 conseguimos atender toda a demanda de gestantes da orla que estava na fila de espera. Mas essa \u00e9 uma demanda cont\u00ednua, ent\u00e3o os agendamentos continuam, atrav\u00e9s das unidades de sa\u00fade, para poder ofertar cuidado e servi\u00e7o para todos aqueles que precisam\u201d, pontuou.<\/p>\n\n\n\n<p>O diretor de Especialidades da Sesau, Amaury Miranda, refor\u00e7ou o fluxo de encaminhamentos para o Multicentro de Monte Gordo. \u201cOs usu\u00e1rios devem procurar a sua Unidade de Sa\u00fade da Fam\u00edlia (USF) ou Unidade B\u00e1sica de Sa\u00fade (UBS) de refer\u00eancia, onde poder\u00e3o fazer a marca\u00e7\u00e3o. Aqui estamos prontos para ofertar \u00e0s pessoas um atendimento cada vez mais qualificado\u201d.<\/p>\n\n\n\n<p>Entre os pacientes atendidos na unidade, a dona de casa Valqu\u00edria Lima Silva, 54 anos, realizou uma ultrassonografia do p\u00e9 e elogiou o servi\u00e7o. \u201cChegando aqui, foi excelente. Gostei muito\u201d, avaliou a moradora da localidade de Coqueiro de Monte Gordo.<\/p>\n\n\n\n<p>A dom\u00e9stica Denise de Souza Santos, 42 anos, tamb\u00e9m compareceu ao Multicentro para realizar ultrassonografias do abdome total e da regi\u00e3o cervical. \u201cAtrav\u00e9s da regula\u00e7\u00e3o, consegui marcar e vim fazer o atendimento. Achei muito bom. \u00c9 uma unidade importante para a gente que \u00e9 da orla, pois melhora o acesso, j\u00e1 que conseguimos chegar mais r\u00e1pido e f\u00e1cil\u201d, ressaltou a moradora de Vila de Abrantes.<\/p>\n\n\n\n<p>Al\u00e9m das ultrassonografias, o Multicentro de Sa\u00fade de Monte Gordo oferta variados servi\u00e7os, entre consultas com especialistas m\u00e9dicos e atendimento de equipe multiprofissional, incluindo psiquiatria, psicologia, ortopedia, dermatologia, infectologia, assistente social e nutri\u00e7\u00e3o, bem como exames de eletrocardiograma e raio-x. Ao todo, s\u00e3o realizados, em m\u00e9dia, 1.600 atendimentos por m\u00eas.<\/p>\n\n\n\n<p>A unidade fica localizada no 1\u00ba andar do Guarajuba Shopping, situado na Alameda Guarajuba Malls, \u00e0s margens da Estrada do Coco (rodovia BA-099).<\/p>\n\n\n\n<p>Fotos: Juliano Sarraf<\/p>\n","protected":false},"excerpt":{"rendered":"<p>Fortalecendo a rede de atendimento especializado \u00e0 popula\u00e7\u00e3o da orla do munic\u00edpio, a Prefeitura de Cama\u00e7ari, atrav\u00e9s da Secretaria de Sa\u00fade (Sesau), ampliou, neste m\u00eas, a oferta de servi\u00e7os no Multicentro de Sa\u00fade de Monte Gordo, com a realiza\u00e7\u00e3o de exames de ultrassonografia. Semanalmente, s\u00e3o ofertadas 70 atendimentos, entre ultrassonografias de abdome total, abdome inferior<\/p>\n","protected":false},"author":5,"featured_media":78608,"comment_status":"open","ping_status":"open","sticky":false,"template":"","format":"standard","meta":{"om_disable_all_campaigns":false,"_monsterinsights_skip_tracking":false,"footnotes":""},"categories":[118,39],"tags":[],"class_list":{"0":"post-78607","1":"post","2":"type-post","3":"status-publish","4":"format-standard","5":"has-post-thumbnail","7":"category-bahia","8":"category-brasil"},"_links":{"self":[{"href":"https:\/\/comandogeraldanoticia.com.br\/index.php\/wp-json\/wp\/v2\/posts\/78607","targetHints":{"allow":["GET"]}}],"collection":[{"href":"https:\/\/comandogeraldanoticia.com.br\/index.php\/wp-json\/wp\/v2\/posts"}],"about":[{"href":"https:\/\/comandogeraldanoticia.com.br\/index.php\/wp-json\/wp\/v2\/types\/post"}],"author":[{"embeddable":true,"href":"https:\/\/comandogeraldanoticia.com.br\/index.php\/wp-json\/wp\/v2\/users\/5"}],"replies":[{"embeddable":true,"href":"https:\/\/comandogeraldanoticia.com.br\/index.php\/wp-json\/wp\/v2\/comments?post=78607"}],"version-history":[{"count":1,"href":"https:\/\/comandogeraldanoticia.com.br\/index.php\/wp-json\/wp\/v2\/posts\/78607\/revisions"}],"predecessor-version":[{"id":78609,"href":"https:\/\/comandogeraldanoticia.com.br\/index.php\/wp-json\/wp\/v2\/posts\/78607\/revisions\/78609"}],"wp:featuredmedia":[{"embeddable":true,"href":"https:\/\/comandogeraldanoticia.com.br\/index.php\/wp-json\/wp\/v2\/media\/78608"}],"wp:attachment":[{"href":"https:\/\/comandogeraldanoticia.com.br\/index.php\/wp-json\/wp\/v2\/media?parent=78607"}],"wp:term":[{"taxonomy":"category","embeddable":true,"href":"https:\/\/comandogeraldanoticia.com.br\/index.php\/wp-json\/wp\/v2\/categories?post=78607"},{"taxonomy":"post_tag","embeddable":true,"href":"https:\/\/comandogeraldanoticia.com.br\/index.php\/wp-json\/wp\/v2\/tags?post=78607"}],"curies":[{"name":"wp","href":"https:\/\/api.w.org\/{rel}","templated":true}]}}