{"id":78601,"date":"2026-09-01T14:18:07","date_gmt":"2026-09-01T14:18:07","guid":{"rendered":"https:\/\/comandogeraldanoticia.com.br\/?p=78601"},"modified":"2026-09-01T14:18:08","modified_gmt":"2026-09-01T14:18:08","slug":"sedur-orienta-populacao-sobre-autorizacao-para-poda-e-corte-de-arvores","status":"publish","type":"post","link":"https:\/\/comandogeraldanoticia.com.br\/index.php\/2026\/09\/01\/sedur-orienta-populacao-sobre-autorizacao-para-poda-e-corte-de-arvores\/","title":{"rendered":"Sedur orienta popula\u00e7\u00e3o sobre autoriza\u00e7\u00e3o para poda e corte de \u00e1rvores"},"content":{"rendered":"\n<p>A Prefeitura de Cama\u00e7ari, por meio da Secretaria de Desenvolvimento Urbano e Meio Ambiente (Sedur), orienta a popula\u00e7\u00e3o sobre os procedimentos necess\u00e1rios para a realiza\u00e7\u00e3o de poda e corte de \u00e1rvores no munic\u00edpio. As interven\u00e7\u00f5es, sejam em \u00e1reas p\u00fablicas, propriedades particulares ou empresas, s\u00e3o regulamentadas pela legisla\u00e7\u00e3o ambiental e, em regra, dependem de autoriza\u00e7\u00e3o pr\u00e9via da Diretoria de Meio Ambiente da Sedur.<\/p>\n\n\n\n<p>A medida tem como objetivo garantir que os servi\u00e7os sejam realizados de forma t\u00e9cnica e segura, contribuindo para a preserva\u00e7\u00e3o da arboriza\u00e7\u00e3o urbana e para a prote\u00e7\u00e3o do meio ambiente, al\u00e9m de prevenir poss\u00edveis danos \u00e0 rede el\u00e9trica, im\u00f3veis, vias p\u00fablicas e \u00e0 seguran\u00e7a da popula\u00e7\u00e3o.<\/p>\n\n\n\n<p>Ap\u00f3s o registro da solicita\u00e7\u00e3o no sistema da secretaria (<a href=\"http:\/\/sissedur.camacari.ba.gov.br\/sedur\" target=\"_blank\" rel=\"noreferrer noopener\">sissedur.camacari.ba.gov.br\/sedur<\/a>), o pedido \u00e9 encaminhado ao setor respons\u00e1vel da Diretoria de Meio Ambiente, na Coordena\u00e7\u00e3o de Planejamento Ambiental. A partir da\u00ed, um t\u00e9cnico \u00e9 designado para realizar uma vistoria no local, avaliando as condi\u00e7\u00f5es da \u00e1rvore e os aspectos t\u00e9cnicos e ambientais relacionados \u00e0 interven\u00e7\u00e3o, conforme a legisla\u00e7\u00e3o vigente.<\/p>\n\n\n\n<p>Com base na an\u00e1lise realizada durante a vistoria, o profissional respons\u00e1vel emitir\u00e1 um parecer sobre a solicita\u00e7\u00e3o, indicando se a autoriza\u00e7\u00e3o para poda ou corte poder\u00e1 ser concedida.<\/p>\n\n\n\n<p>Nos casos em que a autoriza\u00e7\u00e3o \u00e9 aprovada para uma \u00e1rvore localizada em \u00e1rea p\u00fablica, a execu\u00e7\u00e3o do corte \u00e9 de responsabilidade da Secretaria de Servi\u00e7os P\u00fablicos (Sesp). J\u00e1 em propriedades particulares e empresas, a interven\u00e7\u00e3o deve ser realizada pelo respons\u00e1vel pelo im\u00f3vel, seguindo rigorosamente as orienta\u00e7\u00f5es e os crit\u00e9rios t\u00e9cnicos estabelecidos pela equipe da Sedur.<\/p>\n\n\n\n<p>Quando houver autoriza\u00e7\u00e3o para o corte de uma \u00e1rvore, tamb\u00e9m poder\u00e1 ser estabelecido Termo de Compromisso, com medidas de compensa\u00e7\u00e3o ambiental, conforme a legisla\u00e7\u00e3o aplic\u00e1vel. O documento estabelece as responsabilidades que dever\u00e3o ser cumpridas pelo requerente em raz\u00e3o da interven\u00e7\u00e3o autorizada.<\/p>\n\n\n\n<p>A Sedur tamb\u00e9m alerta que a realiza\u00e7\u00e3o de poda ou corte sem a devida autoriza\u00e7\u00e3o pode configurar infra\u00e7\u00e3o ambiental, sujeitando o respons\u00e1vel \u00e0s penalidades previstas na legisla\u00e7\u00e3o municipal e ambiental.<\/p>\n\n\n\n<p>Quando uma interven\u00e7\u00e3o irregular \u00e9 identificada, a equipe de fiscaliza\u00e7\u00e3o realiza a apura\u00e7\u00e3o do caso e, uma vez comprovada a irregularidade, o respons\u00e1vel poder\u00e1 estar sujeito a medidas administrativas que variam de acordo com a gravidade da ocorr\u00eancia. Entre as poss\u00edveis penalidades est\u00e3o multa, assinatura de Termo de Compromisso e ado\u00e7\u00e3o de medidas ou programas para recupera\u00e7\u00e3o de \u00e1rea degradada, quando cab\u00edveis.<\/p>\n\n\n\n<p>Para a coordenadora de Planejamento Ambiental e gestora ambiental da Sedur, Daniela Ornelas, o processo de autoriza\u00e7\u00e3o \u00e9 fundamental para assegurar que cada interven\u00e7\u00e3o seja analisada de maneira individual e respons\u00e1vel. \u201cA autoriza\u00e7\u00e3o para poda e corte de \u00e1rvores \u00e9 uma medida de prote\u00e7\u00e3o ambiental e de seguran\u00e7a para a popula\u00e7\u00e3o. Cada solicita\u00e7\u00e3o passa por uma avalia\u00e7\u00e3o t\u00e9cnica, que considera as caracter\u00edsticas da \u00e1rvore, as condi\u00e7\u00f5es do local e os poss\u00edveis impactos da interven\u00e7\u00e3o. Dessa forma, conseguimos garantir que o procedimento seja realizado de maneira adequada, respeitando a legisla\u00e7\u00e3o e contribuindo para a preserva\u00e7\u00e3o da arboriza\u00e7\u00e3o do munic\u00edpio&#8221;, pontua.<\/p>\n\n\n\n<p><strong>COMO SOLICITAR O SERVI\u00c7O<\/strong><\/p>\n\n\n\n<p>Para solicitar autoriza\u00e7\u00e3o para poda ou corte de \u00e1rvores em empresas e propriedades particulares, o requerimento deve ser realizado exclusivamente por meio do sistema on-line SIS Sedur, dispon\u00edvel em <a href=\"http:\/\/sissedur.camacari.ba.gov.br\/sedur\" target=\"_blank\" rel=\"noreferrer noopener\">sissedur.camacari.ba.gov.br\/sedur<\/a>.<\/p>\n\n\n\n<p>J\u00e1 as solicita\u00e7\u00f5es relacionadas a \u00e1rvores localizadas em \u00e1reas p\u00fablicas podem ser feitas presencialmente na sede da Sedur, de segunda a sexta-feira, das 8h \u00e0s 12h, ou pelo telefone (71) 3621-6644.<\/p>\n\n\n\n<p>Em situa\u00e7\u00f5es de risco iminente de queda de \u00e1rvore ou quando a \u00e1rvore j\u00e1 tiver ca\u00eddo, a orienta\u00e7\u00e3o \u00e9 acionar diretamente a Defesa Civil de Cama\u00e7ari, que funciona 24 horas por dia. O atendimento pode ser solicitado pelo telefone ou WhatsApp (71) 99981-0253.<\/p>\n\n\n\n<p>Foto: Maryane Meira<\/p>\n","protected":false},"excerpt":{"rendered":"<p>A Prefeitura de Cama\u00e7ari, por meio da Secretaria de Desenvolvimento Urbano e Meio Ambiente (Sedur), orienta a popula\u00e7\u00e3o sobre os procedimentos necess\u00e1rios para a realiza\u00e7\u00e3o de poda e corte de \u00e1rvores no munic\u00edpio. As interven\u00e7\u00f5es, sejam em \u00e1reas p\u00fablicas, propriedades particulares ou empresas, s\u00e3o regulamentadas pela legisla\u00e7\u00e3o ambiental e, em regra, dependem de autoriza\u00e7\u00e3o pr\u00e9via<\/p>\n","protected":false},"author":5,"featured_media":78602,"comment_status":"open","ping_status":"open","sticky":false,"template":"","format":"standard","meta":{"om_disable_all_campaigns":false,"_monsterinsights_skip_tracking":false,"footnotes":""},"categories":[39],"tags":[],"class_list":{"0":"post-78601","1":"post","2":"type-post","3":"status-publish","4":"format-standard","5":"has-post-thumbnail","7":"category-brasil"},"_links":{"self":[{"href":"https:\/\/comandogeraldanoticia.com.br\/index.php\/wp-json\/wp\/v2\/posts\/78601","targetHints":{"allow":["GET"]}}],"collection":[{"href":"https:\/\/comandogeraldanoticia.com.br\/index.php\/wp-json\/wp\/v2\/posts"}],"about":[{"href":"https:\/\/comandogeraldanoticia.com.br\/index.php\/wp-json\/wp\/v2\/types\/post"}],"author":[{"embeddable":true,"href":"https:\/\/comandogeraldanoticia.com.br\/index.php\/wp-json\/wp\/v2\/users\/5"}],"replies":[{"embeddable":true,"href":"https:\/\/comandogeraldanoticia.com.br\/index.php\/wp-json\/wp\/v2\/comments?post=78601"}],"version-history":[{"count":1,"href":"https:\/\/comandogeraldanoticia.com.br\/index.php\/wp-json\/wp\/v2\/posts\/78601\/revisions"}],"predecessor-version":[{"id":78603,"href":"https:\/\/comandogeraldanoticia.com.br\/index.php\/wp-json\/wp\/v2\/posts\/78601\/revisions\/78603"}],"wp:featuredmedia":[{"embeddable":true,"href":"https:\/\/comandogeraldanoticia.com.br\/index.php\/wp-json\/wp\/v2\/media\/78602"}],"wp:attachment":[{"href":"https:\/\/comandogeraldanoticia.com.br\/index.php\/wp-json\/wp\/v2\/media?parent=78601"}],"wp:term":[{"taxonomy":"category","embeddable":true,"href":"https:\/\/comandogeraldanoticia.com.br\/index.php\/wp-json\/wp\/v2\/categories?post=78601"},{"taxonomy":"post_tag","embeddable":true,"href":"https:\/\/comandogeraldanoticia.com.br\/index.php\/wp-json\/wp\/v2\/tags?post=78601"}],"curies":[{"name":"wp","href":"https:\/\/api.w.org\/{rel}","templated":true}]}}