{"id":78592,"date":"2026-09-01T01:05:12","date_gmt":"2026-09-01T01:05:12","guid":{"rendered":"https:\/\/comandogeraldanoticia.com.br\/?p=78592"},"modified":"2026-09-01T01:05:13","modified_gmt":"2026-09-01T01:05:13","slug":"secult-abre-inscricoes-para-bandas-participarem-da-programacao-do-dia-municipal-do-rock","status":"publish","type":"post","link":"https:\/\/comandogeraldanoticia.com.br\/index.php\/2026\/09\/01\/secult-abre-inscricoes-para-bandas-participarem-da-programacao-do-dia-municipal-do-rock\/","title":{"rendered":"Secult abre inscri\u00e7\u00f5es para bandas participarem da programa\u00e7\u00e3o do Dia Municipal do Rock"},"content":{"rendered":"\n<p>A Prefeitura de Cama\u00e7ari, por meio da Secretaria da Cultura (Secult), em parceria com o Conselho Municipal de Cultura de Cama\u00e7ari (CMCC), est\u00e1 com inscri\u00e7\u00f5es abertas para bandas interessadas em participar do evento comemorativo ao Dia Municipal do Rock. A programa\u00e7\u00e3o ser\u00e1 realizada no dia 27 de setembro, a partir das 16h, no Teatro Alberto Martins (TAM).<\/p>\n\n\n\n<p>Voltadas exclusivamente para bandas de Cama\u00e7ari, as inscri\u00e7\u00f5es seguem abertas at\u00e9 sexta-feira (4) e devem ser realizadas exclusivamente de forma on-line, atrav\u00e9s deste <a href=\"https:\/\/docs.google.com\/forms\/d\/e\/1FAIpQLSfyRIxL85zKtoNOspNatiFzKjjJopW3scZwbNp0WV956cg-DQ\/viewform?fbclid=PAcGRvZgJmZGlkFlDVPXfo7UVB53sAUqV07EEtMgzEX6tleHRuA2FlbQIxMQBzcnRjBmFwcF9pZA8xMjQwMjQ1NzQyODc0MTQAAaeIPtOpnjQQKmQsD6sCD05T4vV9g3hScKj9glgKirEojSMyGz_tEk9J88HUzw_aem_WZNrSJOqr-PoHaSkZiylLg&amp;pli=1\" target=\"_blank\" rel=\"noreferrer noopener\"><strong>link<\/strong><\/a>. Entre os grupos inscritos, ser\u00e3o selecionadas cinco bandas para integrar a programa\u00e7\u00e3o musical do evento.<\/p>\n\n\n\n<p>A sele\u00e7\u00e3o ser\u00e1 realizada por uma bancada do CMCC, que far\u00e1 a an\u00e1lise dos inscritos a partir de crit\u00e9rios como tempo de atua\u00e7\u00e3o, trabalhos lan\u00e7ados, perman\u00eancia em atividade, entre outros aspectos relacionados \u00e0 trajet\u00f3ria e atua\u00e7\u00e3o das bandas no cen\u00e1rio musical do munic\u00edpio. A proposta \u00e9 valorizar artistas locais do segmento e ampliar o espa\u00e7o para a produ\u00e7\u00e3o autoral e musical de Cama\u00e7ari.<\/p>\n\n\n\n<p>Al\u00e9m das apresenta\u00e7\u00f5es das bandas selecionadas, a programa\u00e7\u00e3o contar\u00e1 com a 5\u00aa edi\u00e7\u00e3o do Batera In Cantos, atividade aberta \u00e0 participa\u00e7\u00e3o de bateristas que desejarem integrar a celebra\u00e7\u00e3o. A iniciativa ter\u00e1 ainda participa\u00e7\u00f5es especiais dos bateristas Jorge Brasil e Victor Brasil, fortalecendo a programa\u00e7\u00e3o dedicada ao instrumento e \u00e0 cultura do rock.<\/p>\n\n\n\n<p>Tamb\u00e9m est\u00e3o previstos sorteios de brindes ao longo do evento. Para participar do Batera In Cantos, os interessados tamb\u00e9m precisam realizar inscri\u00e7\u00e3o, que permanece aberta at\u00e9 4 de setembro, exclusivamente on-line, neste<a href=\"https:\/\/docs.google.com\/forms\/d\/e\/1FAIpQLSfN37XapNoSJV-gfqzFVP1GtROsXCAcH54RCmLe3j1ydQB1Hw\/viewform\" target=\"_blank\" rel=\"noreferrer noopener\"> <strong>link<\/strong><\/a>.<\/p>\n\n\n\n<p><br>Foto: Patrick Abreu&#8211;<\/p>\n","protected":false},"excerpt":{"rendered":"<p>A Prefeitura de Cama\u00e7ari, por meio da Secretaria da Cultura (Secult), em parceria com o Conselho Municipal de Cultura de Cama\u00e7ari (CMCC), est\u00e1 com inscri\u00e7\u00f5es abertas para bandas interessadas em participar do evento comemorativo ao Dia Municipal do Rock. A programa\u00e7\u00e3o ser\u00e1 realizada no dia 27 de setembro, a partir das 16h, no Teatro Alberto<\/p>\n","protected":false},"author":5,"featured_media":78593,"comment_status":"open","ping_status":"open","sticky":false,"template":"","format":"standard","meta":{"om_disable_all_campaigns":false,"_monsterinsights_skip_tracking":false,"footnotes":""},"categories":[41],"tags":[],"class_list":{"0":"post-78592","1":"post","2":"type-post","3":"status-publish","4":"format-standard","5":"has-post-thumbnail","7":"category-concursos"},"_links":{"self":[{"href":"https:\/\/comandogeraldanoticia.com.br\/index.php\/wp-json\/wp\/v2\/posts\/78592","targetHints":{"allow":["GET"]}}],"collection":[{"href":"https:\/\/comandogeraldanoticia.com.br\/index.php\/wp-json\/wp\/v2\/posts"}],"about":[{"href":"https:\/\/comandogeraldanoticia.com.br\/index.php\/wp-json\/wp\/v2\/types\/post"}],"author":[{"embeddable":true,"href":"https:\/\/comandogeraldanoticia.com.br\/index.php\/wp-json\/wp\/v2\/users\/5"}],"replies":[{"embeddable":true,"href":"https:\/\/comandogeraldanoticia.com.br\/index.php\/wp-json\/wp\/v2\/comments?post=78592"}],"version-history":[{"count":1,"href":"https:\/\/comandogeraldanoticia.com.br\/index.php\/wp-json\/wp\/v2\/posts\/78592\/revisions"}],"predecessor-version":[{"id":78594,"href":"https:\/\/comandogeraldanoticia.com.br\/index.php\/wp-json\/wp\/v2\/posts\/78592\/revisions\/78594"}],"wp:featuredmedia":[{"embeddable":true,"href":"https:\/\/comandogeraldanoticia.com.br\/index.php\/wp-json\/wp\/v2\/media\/78593"}],"wp:attachment":[{"href":"https:\/\/comandogeraldanoticia.com.br\/index.php\/wp-json\/wp\/v2\/media?parent=78592"}],"wp:term":[{"taxonomy":"category","embeddable":true,"href":"https:\/\/comandogeraldanoticia.com.br\/index.php\/wp-json\/wp\/v2\/categories?post=78592"},{"taxonomy":"post_tag","embeddable":true,"href":"https:\/\/comandogeraldanoticia.com.br\/index.php\/wp-json\/wp\/v2\/tags?post=78592"}],"curies":[{"name":"wp","href":"https:\/\/api.w.org\/{rel}","templated":true}]}}