{"id":78586,"date":"2026-09-01T01:00:33","date_gmt":"2026-09-01T01:00:33","guid":{"rendered":"https:\/\/comandogeraldanoticia.com.br\/?p=78586"},"modified":"2026-09-01T01:00:34","modified_gmt":"2026-09-01T01:00:34","slug":"votacao-da-mp-que-zera-taxa-das-blusinhas-e-adiada-para-terca","status":"publish","type":"post","link":"https:\/\/comandogeraldanoticia.com.br\/index.php\/2026\/09\/01\/votacao-da-mp-que-zera-taxa-das-blusinhas-e-adiada-para-terca\/","title":{"rendered":"Vota\u00e7\u00e3o da MP que zera &#8220;taxa das blusinhas&#8221; \u00e9 adiada para ter\u00e7a"},"content":{"rendered":"\n<p>Foto:  Ant\u00f4nio Cruz\/Ag\u00eancia Brasil<\/p>\n\n\n\n<p>A vota\u00e7\u00e3o da <a href=\"https:\/\/www.congressonacional.leg.br\/materias\/medidas-provisorias\/-\/mpv\/174123\" target=\"_blank\" rel=\"noreferrer noopener\">Medida Provis\u00f3ria (MP) 1357\/26<\/a>, que trata do fim da chamada taxa das blusinhas, foi adiada para ter\u00e7a-feira (1\u00ba). O anuncio foi feito nesta segunda (31) pelo presidente da comiss\u00e3o mista que analisa a proposta no Congresso Nacional, o deputado federal Reginaldo Lopes (PT-MG).<img decoding=\"async\" src=\"https:\/\/agenciabrasil.ebc.com.br\/ebc.png?id=1701137&amp;o=node\"><img decoding=\"async\" src=\"https:\/\/agenciabrasil.ebc.com.br\/ebc.gif?id=1701137&amp;o=node\"><\/p>\n\n\n\n<p>Lopes disse que a vota\u00e7\u00e3o foi remarcada para discutir a possibilidade de ajustes no relat\u00f3rio da senadora Leila Barros (PDT-DF).<\/p>\n\n\n\n<p>&#8220;Estamos fazendo os \u00faltimos ajustes no relat\u00f3rio. Os di\u00e1logos s\u00e3o extremamente importantes e \u00e9 caracter\u00edstico do pr\u00f3prio parlamento, em especial, buscando dar mais simetria concorrencial entre as remessas internacionais e a economia e a ind\u00fastria nacional&#8221;, disse.<\/p>\n\n\n\n<blockquote class=\"wp-block-quote is-layout-flow wp-block-quote-is-layout-flow\">\n<p>&#8220;Com o adiamento, a expectativa \u00e9 que o texto seja votado amanh\u00e3 pela manh\u00e3\u201d, concluiu Lopes.<\/p>\n<\/blockquote>\n\n\n\n<p><strong>A chamada MP das blusinhas zera o imposto de importa\u00e7\u00e3o sobre compras de at\u00e9 US$ 50<\/strong>. Ap\u00f3s a vota\u00e7\u00e3o na comiss\u00e3o mista, a proposta segue para o plen\u00e1rio da C\u00e2mara dos Deputados.<\/p>\n\n\n\n<p>Para que a proposta seja efetivada, o texto&nbsp;tem que ser votada&nbsp;at\u00e9 o dia 8 de setembro, na C\u00e2mara e no Senado. Caso contr\u00e1rio, perder\u00e1 a validade.<\/p>\n\n\n\n<p>Mais cedo, <strong>Lopes afirmou que o texto enviado pelo governo recebeu 112 emenda<\/strong>s.<\/p>\n\n\n\n<p>\u201cN\u00f3s vamos dialogar com senadores, senadoras, deputados e deputadas, para construir maioria para aprovar [o texto] e garantir esse direito para o povo brasileiro\u201d, disse o presidente da comiss\u00e3o mista.<\/p>\n","protected":false},"excerpt":{"rendered":"<p>Foto: Ant\u00f4nio Cruz\/Ag\u00eancia Brasil A vota\u00e7\u00e3o da Medida Provis\u00f3ria (MP) 1357\/26, que trata do fim da chamada taxa das blusinhas, foi adiada para ter\u00e7a-feira (1\u00ba). O anuncio foi feito nesta segunda (31) pelo presidente da comiss\u00e3o mista que analisa a proposta no Congresso Nacional, o deputado federal Reginaldo Lopes (PT-MG). Lopes disse que a vota\u00e7\u00e3o<\/p>\n","protected":false},"author":5,"featured_media":78587,"comment_status":"open","ping_status":"open","sticky":false,"template":"","format":"standard","meta":{"om_disable_all_campaigns":false,"_monsterinsights_skip_tracking":false,"footnotes":""},"categories":[71],"tags":[],"class_list":{"0":"post-78586","1":"post","2":"type-post","3":"status-publish","4":"format-standard","5":"has-post-thumbnail","7":"category-politica"},"_links":{"self":[{"href":"https:\/\/comandogeraldanoticia.com.br\/index.php\/wp-json\/wp\/v2\/posts\/78586","targetHints":{"allow":["GET"]}}],"collection":[{"href":"https:\/\/comandogeraldanoticia.com.br\/index.php\/wp-json\/wp\/v2\/posts"}],"about":[{"href":"https:\/\/comandogeraldanoticia.com.br\/index.php\/wp-json\/wp\/v2\/types\/post"}],"author":[{"embeddable":true,"href":"https:\/\/comandogeraldanoticia.com.br\/index.php\/wp-json\/wp\/v2\/users\/5"}],"replies":[{"embeddable":true,"href":"https:\/\/comandogeraldanoticia.com.br\/index.php\/wp-json\/wp\/v2\/comments?post=78586"}],"version-history":[{"count":1,"href":"https:\/\/comandogeraldanoticia.com.br\/index.php\/wp-json\/wp\/v2\/posts\/78586\/revisions"}],"predecessor-version":[{"id":78588,"href":"https:\/\/comandogeraldanoticia.com.br\/index.php\/wp-json\/wp\/v2\/posts\/78586\/revisions\/78588"}],"wp:featuredmedia":[{"embeddable":true,"href":"https:\/\/comandogeraldanoticia.com.br\/index.php\/wp-json\/wp\/v2\/media\/78587"}],"wp:attachment":[{"href":"https:\/\/comandogeraldanoticia.com.br\/index.php\/wp-json\/wp\/v2\/media?parent=78586"}],"wp:term":[{"taxonomy":"category","embeddable":true,"href":"https:\/\/comandogeraldanoticia.com.br\/index.php\/wp-json\/wp\/v2\/categories?post=78586"},{"taxonomy":"post_tag","embeddable":true,"href":"https:\/\/comandogeraldanoticia.com.br\/index.php\/wp-json\/wp\/v2\/tags?post=78586"}],"curies":[{"name":"wp","href":"https:\/\/api.w.org\/{rel}","templated":true}]}}