{"id":78577,"date":"2026-08-31T10:10:32","date_gmt":"2026-08-31T10:10:32","guid":{"rendered":"https:\/\/comandogeraldanoticia.com.br\/?p=78577"},"modified":"2026-08-31T10:10:33","modified_gmt":"2026-08-31T10:10:33","slug":"pe-de-meia-nascidos-em-setembro-e-outubro-recebem-parcela-de-r-200","status":"publish","type":"post","link":"https:\/\/comandogeraldanoticia.com.br\/index.php\/2026\/08\/31\/pe-de-meia-nascidos-em-setembro-e-outubro-recebem-parcela-de-r-200\/","title":{"rendered":"P\u00e9-de-Meia: nascidos em setembro e outubro recebem parcela de R$ 200"},"content":{"rendered":"\n<p><strong>Ag\u00eancia Brasil<\/strong><\/p>\n\n\n\n<hr class=\"wp-block-separator has-alpha-channel-opacity\"\/>\n\n\n\n<p><strong>Os benefici\u00e1rios do programa P\u00e9-de-Meia de 2026 que nasceram em setembro e outubro recebem nesta sexta-feira (28) mais uma parcela do incentivo \u00e0 frequ\u00eancia escolar.&nbsp;<\/strong>Para os estudantes do ensino m\u00e9dio regular, \u00e9 a quinta parcela.<\/p>\n\n\n\n<p>Os estudantes do ensino m\u00e9dio da <a href=\"https:\/\/www.trbn.com.br\/#\"><\/a><\/p>\n\n\n\n<p><a href=\"https:\/\/www.trbn.com.br\/#\">&nbsp;educa\u00e7\u00e3o<\/a> de jovens e adultos&nbsp;(EJA)&nbsp;que s\u00e3o benefici\u00e1rios do programa&nbsp;tamb\u00e9m ter\u00e3o depositada a&nbsp;parcela pela&nbsp;aprova\u00e7\u00e3o de ciclos de forma\u00e7\u00e3o e&nbsp;conclus\u00e3o desta etapa final da educa\u00e7\u00e3o b\u00e1sica.<\/p>\n\n\n\n<p><strong>Nas duas situa\u00e7\u00f5es, \u00e9 preciso atingir, pelo menos, 80% de frequ\u00eancia nas aulas.<\/strong><\/p>\n\n\n\n<p>Enquanto no ensino m\u00e9dio EJA, o estudante recebe at\u00e9 quatro parcelas do incentivo frequ\u00eancia no valor de R$ 225 cada, totalizando&nbsp;at\u00e9&nbsp;oito parcelas&nbsp;de frequ\u00eancia&nbsp;por ano; no ensino m\u00e9dio regular, os estudantes recebem at\u00e9 nove parcelas&nbsp;de&nbsp;frequ\u00eancia por ano, cada uma delas no valor de R$ 200.<\/p>\n\n\n\n<p>Recursosde ensino e sala de aula<\/p>\n\n\n\n<p><strong>O P\u00e9-de-Meia funciona como uma poupan\u00e7a para incentivar a perman\u00eancia de jovens nos estudos at\u00e9 a conclus\u00e3o do ensino m\u00e9dio.<\/strong>Na modalidade da EJA, os pagamentos do incentivo ocorrem&nbsp;de forma diferenciada da dos estudantes do ensino m\u00e9dio regular.&nbsp;<\/p>\n\n\n\n<h2 class=\"wp-block-heading\">Confira o calend\u00e1rio de pagamentos que seguem at\u00e9 31 de agosto:<\/h2>\n\n\n\n<p>\u00b7 nascidos em janeiro e fevereiro: receberam em 24 de agosto;<\/p>\n\n\n\n<p>\u00b7 nascidos em mar\u00e7o e abril: receberam em 25 de agosto;<\/p>\n\n\n\n<p>\u00b7 nascidos em maio e junho: receberam em 26 de agosto;<\/p>\n\n\n\n<p>\u00b7 nascidos em julho e agosto: receberam em 27 de agosto;<\/p>\n\n\n\n<p>\u00b7 nascidos em setembro e outubro: recebem em 28 de agosto;<\/p>\n\n\n\n<p>Rel\u00f3gioe calend\u00e1rios<\/p>\n\n\n\n<p>\u00b7 nascidos em novembro e dezembro: receber\u00e3o em 31 de agosto.<\/p>\n\n\n\n<p>Neste per\u00edodo, tamb\u00e9m poder\u00e3o ser liberadas para os estudantes uma ou mais parcelas de matr\u00edcula&nbsp;de&nbsp;2026 e do incentivo-frequ\u00eancia de meses anteriores, caso as redes de ensino corrijam dados que impediam o recebimento dessas.<\/p>\n","protected":false},"excerpt":{"rendered":"<p>Ag\u00eancia Brasil Os benefici\u00e1rios do programa P\u00e9-de-Meia de 2026 que nasceram em setembro e outubro recebem nesta sexta-feira (28) mais uma parcela do incentivo \u00e0 frequ\u00eancia escolar.&nbsp;Para os estudantes do ensino m\u00e9dio regular, \u00e9 a quinta parcela. Os estudantes do ensino m\u00e9dio da &nbsp;educa\u00e7\u00e3o de jovens e adultos&nbsp;(EJA)&nbsp;que s\u00e3o benefici\u00e1rios do programa&nbsp;tamb\u00e9m ter\u00e3o depositada a&nbsp;parcela<\/p>\n","protected":false},"author":5,"featured_media":78578,"comment_status":"open","ping_status":"open","sticky":false,"template":"","format":"standard","meta":{"om_disable_all_campaigns":false,"_monsterinsights_skip_tracking":false,"footnotes":""},"categories":[44],"tags":[],"class_list":{"0":"post-78577","1":"post","2":"type-post","3":"status-publish","4":"format-standard","5":"has-post-thumbnail","7":"category-example-6"},"_links":{"self":[{"href":"https:\/\/comandogeraldanoticia.com.br\/index.php\/wp-json\/wp\/v2\/posts\/78577","targetHints":{"allow":["GET"]}}],"collection":[{"href":"https:\/\/comandogeraldanoticia.com.br\/index.php\/wp-json\/wp\/v2\/posts"}],"about":[{"href":"https:\/\/comandogeraldanoticia.com.br\/index.php\/wp-json\/wp\/v2\/types\/post"}],"author":[{"embeddable":true,"href":"https:\/\/comandogeraldanoticia.com.br\/index.php\/wp-json\/wp\/v2\/users\/5"}],"replies":[{"embeddable":true,"href":"https:\/\/comandogeraldanoticia.com.br\/index.php\/wp-json\/wp\/v2\/comments?post=78577"}],"version-history":[{"count":1,"href":"https:\/\/comandogeraldanoticia.com.br\/index.php\/wp-json\/wp\/v2\/posts\/78577\/revisions"}],"predecessor-version":[{"id":78579,"href":"https:\/\/comandogeraldanoticia.com.br\/index.php\/wp-json\/wp\/v2\/posts\/78577\/revisions\/78579"}],"wp:featuredmedia":[{"embeddable":true,"href":"https:\/\/comandogeraldanoticia.com.br\/index.php\/wp-json\/wp\/v2\/media\/78578"}],"wp:attachment":[{"href":"https:\/\/comandogeraldanoticia.com.br\/index.php\/wp-json\/wp\/v2\/media?parent=78577"}],"wp:term":[{"taxonomy":"category","embeddable":true,"href":"https:\/\/comandogeraldanoticia.com.br\/index.php\/wp-json\/wp\/v2\/categories?post=78577"},{"taxonomy":"post_tag","embeddable":true,"href":"https:\/\/comandogeraldanoticia.com.br\/index.php\/wp-json\/wp\/v2\/tags?post=78577"}],"curies":[{"name":"wp","href":"https:\/\/api.w.org\/{rel}","templated":true}]}}