{"id":78571,"date":"2026-08-31T10:00:07","date_gmt":"2026-08-31T10:00:07","guid":{"rendered":"https:\/\/comandogeraldanoticia.com.br\/?p=78571"},"modified":"2026-08-31T10:00:08","modified_gmt":"2026-08-31T10:00:08","slug":"show-gratuito-de-humor-movimentapracinha-da-cultura-no-phoc-iii","status":"publish","type":"post","link":"https:\/\/comandogeraldanoticia.com.br\/index.php\/2026\/08\/31\/show-gratuito-de-humor-movimentapracinha-da-cultura-no-phoc-iii\/","title":{"rendered":"Show gratuito de humor movimentaPracinha da Cultura no Phoc III"},"content":{"rendered":"\n<p>Uma noite de humor, criatividade e cultura promete movimentar o Phoc III nesta sexta-feira (28). Com entrada gratuita, a partir das 19h, o audit\u00f3rio da Pracinha da Cultura, localizado na Avenida Lu\u00eds Gonzaga, recebe uma nova edi\u00e7\u00e3o do projeto \u201cCom\u00e9dia no Phoc III\u201d, realizado pela Camassary Comedy Company (CCC), em parceria com a Secretaria de Cultura de Cama\u00e7ari (Secult).<\/p>\n\n\n\n<p>A programa\u00e7\u00e3o re\u00fane o elenco da companhia em uma apresenta\u00e7\u00e3o que combina stand-up comedy e cenas de improviso, com quadros inspirados em situa\u00e7\u00f5es do cotidiano, na cultura local e nas hist\u00f3rias que fazem parte das viv\u00eancias dos moradores de Cama\u00e7ari. A proposta \u00e9 levar ao p\u00fablico uma experi\u00eancia leve, din\u00e2mica e marcada pelo bom humor. A classifica\u00e7\u00e3o indicativa do espet\u00e1culo \u00e9 de 16 anos.<\/p>\n\n\n\n<p>Al\u00e9m de garantir uma op\u00e7\u00e3o de lazer para a comunidade, o projeto busca valorizar e democratizar o do acesso \u00e0s artes c\u00eanicas no munic\u00edpio. Ao ocupar espa\u00e7os p\u00fablicos comunit\u00e1rios, a iniciativa amplia a circula\u00e7\u00e3o de atividades e aproxima artistas e p\u00fablico, fortalecendo a rela\u00e7\u00e3o entre a produ\u00e7\u00e3o cultural e os diferentes territ\u00f3rios de Cama\u00e7ari.<\/p>\n\n\n\n<p>A realiza\u00e7\u00e3o tamb\u00e9m contribui para consolidar o audit\u00f3rio da Pracinha da Cultura como um espa\u00e7o de conviv\u00eancia, express\u00e3o art\u00edstica e forma\u00e7\u00e3o de p\u00fablico.&nbsp;&nbsp;<\/p>\n\n\n\n<p>Foto: Divulga\u00e7\u00e3o<\/p>\n","protected":false},"excerpt":{"rendered":"<p>Uma noite de humor, criatividade e cultura promete movimentar o Phoc III nesta sexta-feira (28). Com entrada gratuita, a partir das 19h, o audit\u00f3rio da Pracinha da Cultura, localizado na Avenida Lu\u00eds Gonzaga, recebe uma nova edi\u00e7\u00e3o do projeto \u201cCom\u00e9dia no Phoc III\u201d, realizado pela Camassary Comedy Company (CCC), em parceria com a Secretaria de<\/p>\n","protected":false},"author":5,"featured_media":78572,"comment_status":"open","ping_status":"open","sticky":false,"template":"","format":"standard","meta":{"om_disable_all_campaigns":false,"_monsterinsights_skip_tracking":false,"footnotes":""},"categories":[39],"tags":[],"class_list":{"0":"post-78571","1":"post","2":"type-post","3":"status-publish","4":"format-standard","5":"has-post-thumbnail","7":"category-brasil"},"_links":{"self":[{"href":"https:\/\/comandogeraldanoticia.com.br\/index.php\/wp-json\/wp\/v2\/posts\/78571","targetHints":{"allow":["GET"]}}],"collection":[{"href":"https:\/\/comandogeraldanoticia.com.br\/index.php\/wp-json\/wp\/v2\/posts"}],"about":[{"href":"https:\/\/comandogeraldanoticia.com.br\/index.php\/wp-json\/wp\/v2\/types\/post"}],"author":[{"embeddable":true,"href":"https:\/\/comandogeraldanoticia.com.br\/index.php\/wp-json\/wp\/v2\/users\/5"}],"replies":[{"embeddable":true,"href":"https:\/\/comandogeraldanoticia.com.br\/index.php\/wp-json\/wp\/v2\/comments?post=78571"}],"version-history":[{"count":1,"href":"https:\/\/comandogeraldanoticia.com.br\/index.php\/wp-json\/wp\/v2\/posts\/78571\/revisions"}],"predecessor-version":[{"id":78573,"href":"https:\/\/comandogeraldanoticia.com.br\/index.php\/wp-json\/wp\/v2\/posts\/78571\/revisions\/78573"}],"wp:featuredmedia":[{"embeddable":true,"href":"https:\/\/comandogeraldanoticia.com.br\/index.php\/wp-json\/wp\/v2\/media\/78572"}],"wp:attachment":[{"href":"https:\/\/comandogeraldanoticia.com.br\/index.php\/wp-json\/wp\/v2\/media?parent=78571"}],"wp:term":[{"taxonomy":"category","embeddable":true,"href":"https:\/\/comandogeraldanoticia.com.br\/index.php\/wp-json\/wp\/v2\/categories?post=78571"},{"taxonomy":"post_tag","embeddable":true,"href":"https:\/\/comandogeraldanoticia.com.br\/index.php\/wp-json\/wp\/v2\/tags?post=78571"}],"curies":[{"name":"wp","href":"https:\/\/api.w.org\/{rel}","templated":true}]}}