{"id":78568,"date":"2026-08-31T00:57:19","date_gmt":"2026-08-31T00:57:19","guid":{"rendered":"https:\/\/comandogeraldanoticia.com.br\/?p=78568"},"modified":"2026-08-31T00:57:20","modified_gmt":"2026-08-31T00:57:20","slug":"cirurgia-de-catarata-proporciona-autonomia-e-qualidade-de-vida-a-mais-95-pacientes-em-camacari","status":"publish","type":"post","link":"https:\/\/comandogeraldanoticia.com.br\/index.php\/2026\/08\/31\/cirurgia-de-catarata-proporciona-autonomia-e-qualidade-de-vida-a-mais-95-pacientes-em-camacari\/","title":{"rendered":"Cirurgia de catarata proporciona autonomia e qualidade de vida a mais 95 pacientes em Cama\u00e7ari"},"content":{"rendered":"\n<p>A Prefeitura de Cama\u00e7ari, por meio da Secretaria da Sa\u00fade (Sesau), realizou, neste s\u00e1bado (29), 95 cirurgias de catarata. Os procedimentos ocorreram na Cl\u00ednica S\u00e3o Matheus, unidade conveniada ao Sistema \u00danico de Sa\u00fade (SUS), e contemplaram pacientes previamente regulados pelo munic\u00edpio.<\/p>\n\n\n\n<p>A iniciativa contribui para a melhoria da qualidade de vida dos pacientes, que passam a ter a oportunidade de recuperar a vis\u00e3o e realizar atividades do dia a dia com mais seguran\u00e7a e autonomia.<\/p>\n\n\n\n<p>Entre os atendidos estava Auricedes Miranda, 64 anos, que j\u00e1 havia realizado a cirurgia no primeiro olho e retornou para o procedimento no segundo. \u201cGostei muito do atendimento, toda a equipe me tratou muito bem. Estou muito satisfeita e agradecida por poder realizar a cirurgia. Na primeira vez estava nervosa, mas hoje j\u00e1 me sinto mais segura, porque da primeira vez foi tudo positivo\u201d, relatou.<\/p>\n\n\n\n<p>Mois\u00e9s Pereira, 52 anos, tamb\u00e9m j\u00e1 havia passado pelo procedimento em um dos olhos e, neste s\u00e1bado, realizou a segunda cirurgia. Ele destacou a tranquilidade durante o atendimento. \u201cJ\u00e1 fiz de um olho e hoje vim fazer do outro. Quando fiz da primeira vez foi tudo t\u00e3o tranquilo que nem parece que fiz uma cirurgia. Todo mundo cuidou bem de mim e fiquei muito feliz\u201d, contou.<\/p>\n\n\n\n<p>Para Cec\u00edlia de Souza, 73 anos, que estava realizando o procedimento pela primeira vez, a cirurgia representa a oportunidade de cuidar da sa\u00fade. \u201c\u00c9 um sentimento de muita felicidade poder ter essa oportunidade de fazer a minha cirurgia de catarata pelo SUS. At\u00e9 agora foi tudo muito tranquilo, e isso me deixa mais segura\u201d, afirmou.<\/p>\n\n\n\n<p>A secret\u00e1ria da Sa\u00fade, Rosangela Almeida, destacou a import\u00e2ncia da a\u00e7\u00e3o para a popula\u00e7\u00e3o. \u201cA cirurgia de catarata significa a possibilidade de recuperar a vis\u00e3o, ter mais autonomia e qualidade de vida. Para n\u00f3s, \u00e9 muito importante garantir que os pacientes regulados tenham acesso a esse cuidado de forma segura e humanizada\u201d, enfatizou.<\/p>\n\n\n\n<p>A realiza\u00e7\u00e3o dos procedimentos integra as a\u00e7\u00f5es da Prefeitura de Cama\u00e7ari voltadas \u00e0 amplia\u00e7\u00e3o e qualifica\u00e7\u00e3o da assist\u00eancia \u00e0 sa\u00fade.<\/p>\n\n\n\n<p>Foto: William Rocha<\/p>\n","protected":false},"excerpt":{"rendered":"<p>A Prefeitura de Cama\u00e7ari, por meio da Secretaria da Sa\u00fade (Sesau), realizou, neste s\u00e1bado (29), 95 cirurgias de catarata. Os procedimentos ocorreram na Cl\u00ednica S\u00e3o Matheus, unidade conveniada ao Sistema \u00danico de Sa\u00fade (SUS), e contemplaram pacientes previamente regulados pelo munic\u00edpio. A iniciativa contribui para a melhoria da qualidade de vida dos pacientes, que passam<\/p>\n","protected":false},"author":5,"featured_media":78569,"comment_status":"open","ping_status":"open","sticky":false,"template":"","format":"standard","meta":{"om_disable_all_campaigns":false,"_monsterinsights_skip_tracking":false,"footnotes":""},"categories":[40],"tags":[],"class_list":{"0":"post-78568","1":"post","2":"type-post","3":"status-publish","4":"format-standard","5":"has-post-thumbnail","7":"category-camacari"},"_links":{"self":[{"href":"https:\/\/comandogeraldanoticia.com.br\/index.php\/wp-json\/wp\/v2\/posts\/78568","targetHints":{"allow":["GET"]}}],"collection":[{"href":"https:\/\/comandogeraldanoticia.com.br\/index.php\/wp-json\/wp\/v2\/posts"}],"about":[{"href":"https:\/\/comandogeraldanoticia.com.br\/index.php\/wp-json\/wp\/v2\/types\/post"}],"author":[{"embeddable":true,"href":"https:\/\/comandogeraldanoticia.com.br\/index.php\/wp-json\/wp\/v2\/users\/5"}],"replies":[{"embeddable":true,"href":"https:\/\/comandogeraldanoticia.com.br\/index.php\/wp-json\/wp\/v2\/comments?post=78568"}],"version-history":[{"count":1,"href":"https:\/\/comandogeraldanoticia.com.br\/index.php\/wp-json\/wp\/v2\/posts\/78568\/revisions"}],"predecessor-version":[{"id":78570,"href":"https:\/\/comandogeraldanoticia.com.br\/index.php\/wp-json\/wp\/v2\/posts\/78568\/revisions\/78570"}],"wp:featuredmedia":[{"embeddable":true,"href":"https:\/\/comandogeraldanoticia.com.br\/index.php\/wp-json\/wp\/v2\/media\/78569"}],"wp:attachment":[{"href":"https:\/\/comandogeraldanoticia.com.br\/index.php\/wp-json\/wp\/v2\/media?parent=78568"}],"wp:term":[{"taxonomy":"category","embeddable":true,"href":"https:\/\/comandogeraldanoticia.com.br\/index.php\/wp-json\/wp\/v2\/categories?post=78568"},{"taxonomy":"post_tag","embeddable":true,"href":"https:\/\/comandogeraldanoticia.com.br\/index.php\/wp-json\/wp\/v2\/tags?post=78568"}],"curies":[{"name":"wp","href":"https:\/\/api.w.org\/{rel}","templated":true}]}}