{"id":78565,"date":"2026-08-30T03:01:16","date_gmt":"2026-08-30T03:01:16","guid":{"rendered":"https:\/\/comandogeraldanoticia.com.br\/?p=78565"},"modified":"2026-08-30T03:01:17","modified_gmt":"2026-08-30T03:01:17","slug":"festival-mostra-no-rio-de-janeiro-que-a-matematica-e-pop-e-divertida","status":"publish","type":"post","link":"https:\/\/comandogeraldanoticia.com.br\/index.php\/2026\/08\/30\/festival-mostra-no-rio-de-janeiro-que-a-matematica-e-pop-e-divertida\/","title":{"rendered":"Festival mostra, no Rio de Janeiro, que a matem\u00e1tica \u00e9 pop e divertida"},"content":{"rendered":"\n<p>O Festival Nacional da Matem\u00e1tica (FestMat 2026) come\u00e7ou nesta quinta-feira (27) no Rio de Janeiro, apostando em uma linguagem pop para aproximar o p\u00fablico da ci\u00eancia exata. A quarta edi\u00e7\u00e3o do evento, promovida pelo Instituto de Matem\u00e1tica Pura e Aplicada (Impa), \u00e9 realizada no Aterro do Flamengo at\u00e9 o pr\u00f3ximo domingo (30).&nbsp;<img decoding=\"async\" src=\"https:\/\/agenciabrasil.ebc.com.br\/ebc.png?id=1700820&amp;o=node\"><img decoding=\"async\" src=\"https:\/\/agenciabrasil.ebc.com.br\/ebc.gif?id=1700820&amp;o=node\"><\/p>\n\n\n\n<p>Os dois primeiros dias s\u00e3o exclusivos para visita\u00e7\u00e3o escolar previamente agendada. <strong>No s\u00e1bado e no domingo, as atra\u00e7\u00f5es s\u00e3o abertas ao p\u00fablico em geral, mas \u00e9 preciso retirar ingressos gratuitos no <a href=\"http:\/\/festmat.impa.br\" target=\"_blank\" rel=\"noreferrer noopener\">site<\/a><\/strong>.<\/p>\n\n\n\n<p>Com o tema <em>A Matem\u00e1tica \u00e9 Pop \u2013 Descubra os mundos da matem\u00e1tica<\/em>, o festival utiliza a linguagem das hist\u00f3rias em quadrinhos (HQ) em seis espa\u00e7os tem\u00e1ticos, cada um dedicado a um mundo da matem\u00e1tica.<\/p>\n\n\n\n<p>S\u00e3o apresentados, por exemplo, o mundo da geometria, que lida com as formas; o da aritm\u00e9rica, que trabalha com n\u00fameros; e o da din\u00e2mica, que fala dos fen\u00f4menos que evoluem no tempo.<\/p>\n\n\n\n<p><strong>O diretor-geral do Impa, Marcelo Viana, contou que a organiza\u00e7\u00e3o buscou representa\u00e7\u00f5es concretas para a abstra\u00e7\u00e3o caracter\u00edstica da matem\u00e1tica.<\/strong><\/p>\n\n\n\n<p>\u201cEm cada caso, tem um parceiro que est\u00e1 l\u00e1 com jogos ligados \u00e0quele tema, dispon\u00edveis para a garotada brincar. \u00c9 um sucesso\u201d, disse.&nbsp;<\/p>\n\n\n\n<figure class=\"wp-block-image\"><img decoding=\"async\" src=\"https:\/\/imagens.ebc.com.br\/egrFbed-mVie5ftJnNDOWVvF3Lg=\/754x0\/smart\/https:\/\/agenciabrasil.ebc.com.br\/sites\/default\/files\/thumbnails\/image\/2026\/08\/27\/toms4179.jpg?itok=hJbbdU-h\" alt=\"Rio de Janeiro (RJ), 27\/08\/2026 \u2013 Quarta edi\u00e7\u00e3o do Festival Nacional da Matem\u00e1tica re\u00fane estudantes e p\u00fablico no Axia Marina da Gl\u00f3ria, no Rio de Janeiro. Promovido pelo Instituto de Matem\u00e1tica Pura e Aplicada (IMPA), o evento celebra a matem\u00e1tica e a ci\u00eancia. Foto: Tomaz Silva\/Ag\u00eancia Brasil\" title=\"Tomaz Silva\/Ag\u00eancia Brasil\"\/><\/figure>\n\n\n\n<h6 class=\"wp-block-heading\">Quarta edi\u00e7\u00e3o do Festival Nacional da Matem\u00e1tica re\u00fane estudantes e p\u00fablico no Axia Marina da Gl\u00f3ria, no Rio de Janeiro.&nbsp;Foto:&nbsp;<strong>Tomaz Silva\/Ag\u00eancia Brasil<\/strong><\/h6>\n\n\n\n<p>Tamb\u00e9m h\u00e1 estandes como o do projeto Meninas Ol\u00edmpicas do Impa (MOI), que \u00e9 uma iniciativa da institui\u00e7\u00e3o para promover a presen\u00e7a feminina nas \u00e1reas de ci\u00eancias, matem\u00e1tica e engenharia, e o da Olimp\u00edada Brasileira de Matem\u00e1tica das Escolas P\u00fablicas (Obmep).<\/p>\n\n\n\n<p>Entre as atra\u00e7\u00f5es, h\u00e1 ainda experi\u00eancias do No Fluid (Laborat\u00f3rio de Din\u00e2mica de Fluidos) do Impa, que apresenta diversos tipos de turbul\u00eancia e ru\u00eddos do mar.<\/p>\n\n\n\n<p>\u201cA produ\u00e7\u00e3o est\u00e1 muito caprichada. Foi uma colabora\u00e7\u00e3o entre o pr\u00f3prio pesquisador e a nossa equipe. Tem uma esp\u00e9cie de t\u00fanel de vento mostrando o fen\u00f4meno de turbul\u00eancia e como ela \u00e9 importante para a gera\u00e7\u00e3o de energia a partir de ondas e do som. \u00c9 quase cinema\u201d, analisou Viana.<\/p>\n\n\n\n<figure class=\"wp-block-image\"><img decoding=\"async\" src=\"https:\/\/imagens.ebc.com.br\/pZisRYnU_dqcajv9PpHg20ejy-4=\/754x0\/smart\/https:\/\/agenciabrasil.ebc.com.br\/sites\/default\/files\/thumbnails\/image\/2026\/08\/27\/toms4215.jpg?itok=zQyPmL0_\" alt=\"Rio de Janeiro (RJ), 27\/08\/2026 \u2013 Quarta edi\u00e7\u00e3o do Festival Nacional da Matem\u00e1tica re\u00fane estudantes e p\u00fablico no Axia Marina da Gl\u00f3ria, no Rio de Janeiro. Promovido pelo Instituto de Matem\u00e1tica Pura e Aplicada (IMPA), o evento celebra a matem\u00e1tica e a ci\u00eancia. Foto: Tomaz Silva\/Ag\u00eancia Brasil\" title=\"Tomaz Silva\/Ag\u00eancia Brasil\"\/><\/figure>\n\n\n\n<h6 class=\"wp-block-heading\">Quarta edi\u00e7\u00e3o do Festival Nacional da Matem\u00e1tica re\u00fane estudantes e p\u00fablico no Axia Marina da Gl\u00f3ria, no Rio de Janeiro. Foto: <strong>Tomaz Silva\/Ag\u00eancia Brasil<\/strong><\/h6>\n\n\n\n<h2 class=\"wp-block-heading\">Cinema, games e teatro<\/h2>\n\n\n\n<p>O p\u00fablico ter\u00e1 oportunidade de assistir ao document\u00e1rio <em>Counted out \u2013 Matem\u00e1tica \u00e9 poder<\/em>, lan\u00e7ado em 2024, que narra como os n\u00fameros moldam a sociedade, influenciando desde o or\u00e7amento familiar at\u00e9 pol\u00edticas p\u00fablicas.<\/p>\n\n\n\n<blockquote class=\"wp-block-quote is-layout-flow wp-block-quote-is-layout-flow\">\n<p>\u201cHoje em dia, tudo est\u00e1 sendo definido por ferramentas de intelig\u00eancia artificial (IA), que \u00e9 matem\u00e1tica na sua base. Ent\u00e3o, quem controla o conhecimento matem\u00e1tico adquire um poder que n\u00e3o tem precedente na hist\u00f3ria. E quem tem o poder o exerce. Se voc\u00ea n\u00e3o tem, vai ser v\u00edtima desse poder\u201d, disse Marcelo Viana.<\/p>\n<\/blockquote>\n\n\n\n<p>O festival tem tamb\u00e9m teatro, com exibi\u00e7\u00e3o da pe\u00e7a <em>Constante e Finito<\/em>, da Trestada Produ\u00e7\u00f5es.&nbsp;O espet\u00e1culo \u00e9 inspirado em textos da coluna Matematicamente, do professor de matem\u00e1tica da Universidade de Bras\u00edlia (UNB), Pedro Roitman, publicada na revista Ci\u00eancia Hoje das Crian\u00e7as.<\/p>\n\n\n\n<p>Entre as atra\u00e7\u00f5es, est\u00e3o ainda a Arena Gamer, com jogos desenvolvidos pelo AfroGames, incluindo um criado especialmente para o FestMat.<\/p>\n","protected":false},"excerpt":{"rendered":"<p>O Festival Nacional da Matem\u00e1tica (FestMat 2026) come\u00e7ou nesta quinta-feira (27) no Rio de Janeiro, apostando em uma linguagem pop para aproximar o p\u00fablico da ci\u00eancia exata. A quarta edi\u00e7\u00e3o do evento, promovida pelo Instituto de Matem\u00e1tica Pura e Aplicada (Impa), \u00e9 realizada no Aterro do Flamengo at\u00e9 o pr\u00f3ximo domingo (30).&nbsp; Os dois primeiros<\/p>\n","protected":false},"author":5,"featured_media":78566,"comment_status":"open","ping_status":"open","sticky":false,"template":"","format":"standard","meta":{"om_disable_all_campaigns":false,"_monsterinsights_skip_tracking":false,"footnotes":""},"categories":[44],"tags":[],"class_list":{"0":"post-78565","1":"post","2":"type-post","3":"status-publish","4":"format-standard","5":"has-post-thumbnail","7":"category-example-6"},"_links":{"self":[{"href":"https:\/\/comandogeraldanoticia.com.br\/index.php\/wp-json\/wp\/v2\/posts\/78565","targetHints":{"allow":["GET"]}}],"collection":[{"href":"https:\/\/comandogeraldanoticia.com.br\/index.php\/wp-json\/wp\/v2\/posts"}],"about":[{"href":"https:\/\/comandogeraldanoticia.com.br\/index.php\/wp-json\/wp\/v2\/types\/post"}],"author":[{"embeddable":true,"href":"https:\/\/comandogeraldanoticia.com.br\/index.php\/wp-json\/wp\/v2\/users\/5"}],"replies":[{"embeddable":true,"href":"https:\/\/comandogeraldanoticia.com.br\/index.php\/wp-json\/wp\/v2\/comments?post=78565"}],"version-history":[{"count":1,"href":"https:\/\/comandogeraldanoticia.com.br\/index.php\/wp-json\/wp\/v2\/posts\/78565\/revisions"}],"predecessor-version":[{"id":78567,"href":"https:\/\/comandogeraldanoticia.com.br\/index.php\/wp-json\/wp\/v2\/posts\/78565\/revisions\/78567"}],"wp:featuredmedia":[{"embeddable":true,"href":"https:\/\/comandogeraldanoticia.com.br\/index.php\/wp-json\/wp\/v2\/media\/78566"}],"wp:attachment":[{"href":"https:\/\/comandogeraldanoticia.com.br\/index.php\/wp-json\/wp\/v2\/media?parent=78565"}],"wp:term":[{"taxonomy":"category","embeddable":true,"href":"https:\/\/comandogeraldanoticia.com.br\/index.php\/wp-json\/wp\/v2\/categories?post=78565"},{"taxonomy":"post_tag","embeddable":true,"href":"https:\/\/comandogeraldanoticia.com.br\/index.php\/wp-json\/wp\/v2\/tags?post=78565"}],"curies":[{"name":"wp","href":"https:\/\/api.w.org\/{rel}","templated":true}]}}