{"id":7636,"date":"2022-10-06T20:15:17","date_gmt":"2022-10-06T20:15:17","guid":{"rendered":"https:\/\/comandogeraldanoticia.com.br\/index.php\/2022\/10\/06\/comercio-brasileiro-aposta-na-copa-do-catar-para-alavancar-vendas-mas-expectativa-barra-em-juros-altos\/"},"modified":"2022-10-06T20:15:17","modified_gmt":"2022-10-06T20:15:17","slug":"comercio-brasileiro-aposta-na-copa-do-catar-para-alavancar-vendas-mas-expectativa-barra-em-juros-altos","status":"publish","type":"post","link":"https:\/\/comandogeraldanoticia.com.br\/index.php\/2022\/10\/06\/comercio-brasileiro-aposta-na-copa-do-catar-para-alavancar-vendas-mas-expectativa-barra-em-juros-altos\/","title":{"rendered":"Com\u00e9rcio brasileiro aposta na Copa do Catar para alavancar vendas, mas expectativa barra em juros altos"},"content":{"rendered":"<p>Estimativa da CNC prev\u00ea faturamento de R$ 1,48 bilh\u00f5es, 7,9% a mais que na Copa de 2018, realizada na R\u00fassia. Segundo a entidade, &#8216;proje\u00e7\u00e3o conservadora&#8217; se deve ao cen\u00e1rio de juros altos. Varejo aposta na chegada da Copa do Mundo, mas expectativa positiva esbarra no fator juros altos<br \/>\nO com\u00e9rcio brasileiro se prepara para alavancar o faturamento com a proximidade da Copa do Mundo de 2022, que acontece no Catar a partir de novembro. Estimativa divulgada nesta quinta-feira (6) pela Confedera\u00e7\u00e3o Nacional do Com\u00e9rcio de Bens, Servi\u00e7os e Turismo (CNC), prev\u00ea aumento de 7,9% nas vendas na compara\u00e7\u00e3o com o volume registrado em 2018, durante o mundial sediado pela R\u00fassia.<br \/>\nDe acordo com a CNC, o mundial dever movimento R$ 1,48 bilh\u00f5es, o que corresponde a R$ 110 milh\u00f5es a mais que o montante apurado durante a Copa do Mundo de 2018. A &#8220;proje\u00e7\u00e3o conservadora&#8221;, conforme foi classificada pela entidade, se deve \u00e0 alta dos juros no pa\u00eds, atenuada pela menor taxa de c\u00e2mbio.<br \/>\nPara o presidente da CNC, Jos\u00e9 Roberto Tadros, embora t\u00edmida, a alta nas vendas deve ser comemorada pelos lojistas.<br \/>\n\u201cA Copa do Mundo vem depois de um per\u00edodo de pandemia que trouxe reflexos profundos ao varejo, que est\u00e1 retomando os volumes de venda e, nesse sentido, esse crescimento deve ser comemorado\u201d, disse Tadros.<br \/>\nAposta na venda de TVs<br \/>\nMais de 1\/3 do faturamento total previsto para o com\u00e9rcio com a Copa do Mundo deve partir, segundo as estimativas da CNC, das vendas no segmento de m\u00f3veis e eletrodom\u00e9sticos, com previs\u00e3o de R$ 544,5 milh\u00f5es em vendas. Em seguida vem o segmento de eletroeletr\u00f4nicos e artigos pessoais, somando R$ 332,6 milh\u00f5es.<br \/>\nA principal aposta do com\u00e9rcio, segundo a entidade, est\u00e1 na venda de Smart TVs. As importa\u00e7\u00f5es do aparelho triplicaram em setembro, na compara\u00e7\u00e3o com igual per\u00edodo do ano passado.<br \/>\nIsso porque, em setembro, foi observado aumento de 6,7% na pesquisa por modelos de TVs smart em lojas on-line, em compara\u00e7\u00e3o com agosto. Antes do campeonato de 2014, realizado no Brasil, as buscas foram 6,3% maiores e, em 2018, cresceram 5,3%.<br \/>\n\u201cA busca na internet costuma acelerar tr\u00eas meses antes do Mundial e, neste ano, como o campeonato ser\u00e1 realizado a menos de uma semana da Black Friday, as compras devem ocorrer mais perto do pr\u00f3prio evento\u201d, destacou Bentes.<br \/>\nO economista destacou, ainda, que o pre\u00e7o das smart TVs vem caindo ao longo do ano. O \u00cdndice de Pre\u00e7os ao Consumidor Amplo (IPCA), considerado indicador oficial da infla\u00e7\u00e3o no pa\u00eds, aponta para uma queda de 3,2% no pre\u00e7o m\u00e9dio dos aparelhos entre janeiro e agosto deste ano.<br \/>\nA redu\u00e7\u00e3o dos pre\u00e7os, segundo Bentes, persistiu em setembro. Os valores cobrados pelas TVs entre 40\u201d e 49\u201d ca\u00edram 5,8% na compara\u00e7\u00e3o com abril, passando de R$ 1.963 para R$ 1.849, em m\u00e9dia. J\u00e1s as TVs menores, de at\u00e9 39\u201d, tiveram redu\u00e7\u00e3o menor, de 4,8%, passando de R$ 1.159 para R$ 1.103. Apenas os modelos com telas superiores a 50\u201d apresentaram aumento no per\u00edodo, passando de R$ 2.413 para R$ 2.526, o que representa alta de 4,7%.<\/p>\n","protected":false},"excerpt":{"rendered":"<p>Estimativa da CNC prev\u00ea faturamento de R$ 1,48 bilh\u00f5es, 7,9% a mais que na Copa de 2018, realizada na R\u00fassia. Segundo a entidade, &#8216;proje\u00e7\u00e3o conservadora&#8217; se deve ao cen\u00e1rio de juros altos. Varejo aposta na chegada da Copa do Mundo, mas expectativa positiva esbarra no fator juros altos O com\u00e9rcio brasileiro se prepara para alavancar<\/p>\n","protected":false},"author":1,"featured_media":7637,"comment_status":"open","ping_status":"open","sticky":false,"template":"","format":"standard","meta":{"om_disable_all_campaigns":false,"_monsterinsights_skip_tracking":false,"_monsterinsights_sitenote_active":false,"_monsterinsights_sitenote_note":"","_monsterinsights_sitenote_category":0,"footnotes":""},"categories":[43],"tags":[],"class_list":{"0":"post-7636","1":"post","2":"type-post","3":"status-publish","4":"format-standard","5":"has-post-thumbnail","7":"category-economia"},"_links":{"self":[{"href":"https:\/\/comandogeraldanoticia.com.br\/index.php\/wp-json\/wp\/v2\/posts\/7636","targetHints":{"allow":["GET"]}}],"collection":[{"href":"https:\/\/comandogeraldanoticia.com.br\/index.php\/wp-json\/wp\/v2\/posts"}],"about":[{"href":"https:\/\/comandogeraldanoticia.com.br\/index.php\/wp-json\/wp\/v2\/types\/post"}],"author":[{"embeddable":true,"href":"https:\/\/comandogeraldanoticia.com.br\/index.php\/wp-json\/wp\/v2\/users\/1"}],"replies":[{"embeddable":true,"href":"https:\/\/comandogeraldanoticia.com.br\/index.php\/wp-json\/wp\/v2\/comments?post=7636"}],"version-history":[{"count":0,"href":"https:\/\/comandogeraldanoticia.com.br\/index.php\/wp-json\/wp\/v2\/posts\/7636\/revisions"}],"wp:featuredmedia":[{"embeddable":true,"href":"https:\/\/comandogeraldanoticia.com.br\/index.php\/wp-json\/wp\/v2\/media\/7637"}],"wp:attachment":[{"href":"https:\/\/comandogeraldanoticia.com.br\/index.php\/wp-json\/wp\/v2\/media?parent=7636"}],"wp:term":[{"taxonomy":"category","embeddable":true,"href":"https:\/\/comandogeraldanoticia.com.br\/index.php\/wp-json\/wp\/v2\/categories?post=7636"},{"taxonomy":"post_tag","embeddable":true,"href":"https:\/\/comandogeraldanoticia.com.br\/index.php\/wp-json\/wp\/v2\/tags?post=7636"}],"curies":[{"name":"wp","href":"https:\/\/api.w.org\/{rel}","templated":true}]}}