{"id":7630,"date":"2022-10-06T20:14:36","date_gmt":"2022-10-06T20:14:36","guid":{"rendered":"https:\/\/comandogeraldanoticia.com.br\/index.php\/2022\/10\/06\/em-passo-rumo-a-descriminalizacao-biden-anuncia-perdao-a-condenados-por-posse-de-maconha\/"},"modified":"2022-10-06T20:14:36","modified_gmt":"2022-10-06T20:14:36","slug":"em-passo-rumo-a-descriminalizacao-biden-anuncia-perdao-a-condenados-por-posse-de-maconha","status":"publish","type":"post","link":"https:\/\/comandogeraldanoticia.com.br\/index.php\/2022\/10\/06\/em-passo-rumo-a-descriminalizacao-biden-anuncia-perdao-a-condenados-por-posse-de-maconha\/","title":{"rendered":"Em passo rumo \u00e0 descriminaliza\u00e7\u00e3o, Biden anuncia perd\u00e3o a condenados por posse de maconha"},"content":{"rendered":"<p><img decoding=\"async\" src=\"https:\/\/s2.glbimg.com\/eiMne8C6GIFj-7dMpN3SPOoMgkM=\/i.s3.glbimg.com\/v1\/AUTH_59edd422c0c84a879bd37670ae4f538a\/internal_photos\/bs\/2022\/y\/l\/c3yZ6pS7iZByyZqIpSkQ\/2022-08-25t230539z-1970011343-rc2z3w975krr-rtrmadp-3-usa-biden.jpg\"><br \/>   Segundo o governo, a medida beneficia milhares de pessoas que cometeram a infra\u00e7\u00e3o e, por isso, podem ser prejudicados ao tentar conseguir um trabalho ou casa para morar. Biden critica republicanos apoiadores de Trump antes de com\u00edcio: &#8220;\u00c9 quase semifascismo&#8221;, afirma<br \/>\nReuters\/Jonathan Ernst<br \/>\nO presidente americano Joe Biden anunciou nesta quinta-feira (6) um perd\u00e3o a todas as pessoas com condena\u00e7\u00e3o federal pela posse simples de maconha. Mais de 6.500 indiv\u00edduos condenados ser\u00e3o afetados pelo indulto.<br \/>\nCom isso, Biden d\u00e1 seus primeiros passos para descriminalizar a maconha, cumprindo uma promessa de campanha de &#8220;limpar a ficha&#8221; das pessoas condenadas por essa infra\u00e7\u00e3o e iniciando o processo de afrouxar a classifica\u00e7\u00e3o federal da droga.<br \/>\nA l\u00e9m dos 6.500 beneficiados pelo pa\u00eds, a a\u00e7\u00e3o de Biden tamb\u00e9m abrange milhares de condenados pelo crime no Distrito de Columbia, onde fica a capital Washington. Ele tamb\u00e9m pede aos governadores que emitam indultos semelhantes para os condenados por posse de maconha sob leis estaduais, que s\u00e3o a grande maioria no pa\u00eds.<br \/>\nReclassifica\u00e7\u00e3o<br \/>\nAl\u00e9m do indulto, Biden disse que instruiu o secret\u00e1rio de Sa\u00fade e Servi\u00e7os Humanos Xavier Becerra e o procurador-geral Merrick Garland a come\u00e7ar a revisar como a maconha \u00e9 classificada sob as leis federais de drogas.<br \/>\n\u201cO governo federal atualmente classifica a maconha como uma subst\u00e2ncia de \u201cPrograma 1\u201d, o mesmo que hero\u00edna e LSD \u2013 e mais grave que o fentanil\u201d, diz Biden. &#8220;Isso n\u00e3o faz sentido.&#8221;<br \/>\n&#8216;Barreiras desnecess\u00e1rias&#8217;<br \/>\n\u201cMandar pessoas para a pris\u00e3o por portar maconha arruinou muitas vidas e prendeu pessoas por conduta que muitos estados n\u00e3o pro\u00edbem mais\u201d, explica Biden em comunicado.<br \/>\nHomem fuma &#8216;charuto&#8217; de maconha nos EUA em 20 de abril de 2022<br \/>\nShannon Stapleton\/Reuters<br \/>\n\u201cPassagens criminais por porte de maconha tamb\u00e9m impuseram barreiras desnecess\u00e1rias ao emprego, moradia e oportunidades educacionais. E enquanto pessoas brancas, pretas e pardas usam maconha em taxas semelhantes, pessoas negras e pardas foram presas, processadas e condenadas em taxas desproporcionais\u201d, argumenta Biden.<br \/>\n\u201cExistem milhares de pessoas que foram condenadas por porte de maconha que podem ter negado emprego, moradia ou oportunidades educacionais como resultado\u201d, diz Biden em comunicado. \u201cMeu perd\u00e3o remover\u00e1 esse fardo que pesa sobre eles.\u201d<\/p>\n","protected":false},"excerpt":{"rendered":"<p>Segundo o governo, a medida beneficia milhares de pessoas que cometeram a infra\u00e7\u00e3o e, por isso, podem ser prejudicados ao tentar conseguir um trabalho ou casa para morar. Biden critica republicanos apoiadores de Trump antes de com\u00edcio: &#8220;\u00c9 quase semifascismo&#8221;, afirma Reuters\/Jonathan Ernst O presidente americano Joe Biden anunciou nesta quinta-feira (6) um perd\u00e3o a<\/p>\n","protected":false},"author":1,"featured_media":7631,"comment_status":"open","ping_status":"open","sticky":false,"template":"","format":"standard","meta":{"om_disable_all_campaigns":false,"_monsterinsights_skip_tracking":false,"_monsterinsights_sitenote_active":false,"_monsterinsights_sitenote_note":"","_monsterinsights_sitenote_category":0,"footnotes":""},"categories":[47],"tags":[],"class_list":{"0":"post-7630","1":"post","2":"type-post","3":"status-publish","4":"format-standard","5":"has-post-thumbnail","7":"category-mundo"},"_links":{"self":[{"href":"https:\/\/comandogeraldanoticia.com.br\/index.php\/wp-json\/wp\/v2\/posts\/7630","targetHints":{"allow":["GET"]}}],"collection":[{"href":"https:\/\/comandogeraldanoticia.com.br\/index.php\/wp-json\/wp\/v2\/posts"}],"about":[{"href":"https:\/\/comandogeraldanoticia.com.br\/index.php\/wp-json\/wp\/v2\/types\/post"}],"author":[{"embeddable":true,"href":"https:\/\/comandogeraldanoticia.com.br\/index.php\/wp-json\/wp\/v2\/users\/1"}],"replies":[{"embeddable":true,"href":"https:\/\/comandogeraldanoticia.com.br\/index.php\/wp-json\/wp\/v2\/comments?post=7630"}],"version-history":[{"count":0,"href":"https:\/\/comandogeraldanoticia.com.br\/index.php\/wp-json\/wp\/v2\/posts\/7630\/revisions"}],"wp:featuredmedia":[{"embeddable":true,"href":"https:\/\/comandogeraldanoticia.com.br\/index.php\/wp-json\/wp\/v2\/media\/7631"}],"wp:attachment":[{"href":"https:\/\/comandogeraldanoticia.com.br\/index.php\/wp-json\/wp\/v2\/media?parent=7630"}],"wp:term":[{"taxonomy":"category","embeddable":true,"href":"https:\/\/comandogeraldanoticia.com.br\/index.php\/wp-json\/wp\/v2\/categories?post=7630"},{"taxonomy":"post_tag","embeddable":true,"href":"https:\/\/comandogeraldanoticia.com.br\/index.php\/wp-json\/wp\/v2\/tags?post=7630"}],"curies":[{"name":"wp","href":"https:\/\/api.w.org\/{rel}","templated":true}]}}