{"id":7618,"date":"2022-10-06T19:22:05","date_gmt":"2022-10-06T19:22:05","guid":{"rendered":"https:\/\/comandogeraldanoticia.com.br\/index.php\/2022\/10\/06\/credito-consignado-com-auxilio-brasil-deve-ser-liberado-ate-15-de-outubro-diz-presidente-da-caixa\/"},"modified":"2022-10-06T19:22:05","modified_gmt":"2022-10-06T19:22:05","slug":"credito-consignado-com-auxilio-brasil-deve-ser-liberado-ate-15-de-outubro-diz-presidente-da-caixa","status":"publish","type":"post","link":"https:\/\/comandogeraldanoticia.com.br\/index.php\/2022\/10\/06\/credito-consignado-com-auxilio-brasil-deve-ser-liberado-ate-15-de-outubro-diz-presidente-da-caixa\/","title":{"rendered":"Cr\u00e9dito consignado com Aux\u00edlio Brasil deve ser liberado at\u00e9 15 de outubro, diz presidente da Caixa"},"content":{"rendered":"<p><img decoding=\"async\" src=\"https:\/\/s2.glbimg.com\/FtF60ePxw35W3yU12prP35Hmf9E=\/i.s3.glbimg.com\/v1\/AUTH_59edd422c0c84a879bd37670ae4f538a\/internal_photos\/bs\/2022\/o\/a\/AppvZYRRABlyUFUlrKQg\/fup20220705187.jpg\"><br \/>   Maiores bancos privados do pa\u00eds n\u00e3o preveem aderir \u00e0 modalidade, que \u00e9 alvo de cr\u00edticas de especialistas.  A presidente da Caixa Econ\u00f4mica Federal, Daniella Marques, afirmou nesta quinta-feira (6) que o cr\u00e9dito consignado com Aux\u00edlio Brasil dever\u00e1 ser liberado entre os dias 10 e 15 de outubro.<br \/>\nO an\u00fancio foi feito durante coletiva de imprensa de lan\u00e7amento da campanha Voc\u00ea no Azul 2022, em S\u00e3o Paulo. O programa prev\u00ea a recupera\u00e7\u00e3o de cr\u00e9ditos por meio de negocia\u00e7\u00e3o e pagamento de d\u00edvidas.<br \/>\n&#8220;Assim que a gente tiver o fato relevante da data de in\u00edcio de opera\u00e7\u00e3o &#8212; estamos tratando isso proprietariamente &#8212; e chegando como uma solu\u00e7\u00e3o de come\u00e7o, ser\u00e1 amplamente divulgado. Mas a expectativa hoje \u00e9 entre os dias 10 e 15 de outubro&#8221;, continuou.<br \/>\nresidente da caixa, Daniella Marques, em imagem de arquivo<br \/>\nF\u00e1tima Meira\/Estad\u00e3o Conte\u00fado<br \/>\nAt\u00e9 ent\u00e3o,\u00a0Caixa previa o in\u00edcio da modalidade de cr\u00e9dito para a segunda quinzena do m\u00eas.<br \/>\nO consignado via Aux\u00edlio Brasil pretende apresentar taxas inferiores ao teto de 3,5%. &#8220;Estamos aguardando alguns ajustes t\u00e9cnicos junto ao governo federal e ao Minist\u00e9rio da Cidadania&#8221;, disse Daniella.<br \/>\nConsignado com Aux\u00edlio Brasil<br \/>\nAs regras para o consignado do Aux\u00edlio Brasil foram publicadas na semana passada pelo governo. De acordo com as normas, o n\u00famero m\u00e1ximo de parcelas ser\u00e1 de 24, e a taxa de juros n\u00e3o poder\u00e1 ser superior a 3,5% ao m\u00eas.<br \/>\nAp\u00f3s a publica\u00e7\u00e3o, os bancos interessados, que segundo o governo somam 60 institui\u00e7\u00f5es financeiras, demoram um prazo para lan\u00e7ar a linha de cr\u00e9dito.<br \/>\nLevantamento realizado pelo g1 mostra que os maiores bancos privados do pa\u00eds n\u00e3o v\u00e3o aderir.<br \/>\nO valor m\u00e1ximo que poder\u00e1 ser contratado ser\u00e1 aquele em que as parcelas comprometam at\u00e9 40% do valor mensal do benef\u00edcio. Mas em vez de ser considerado o valor m\u00ednimo atual do benef\u00edcio de R$ 600, que s\u00f3 vale at\u00e9 dezembro, valer\u00e1 o de R$ 400. Assim, o valor da parcela ser\u00e1 de no m\u00e1ximo R$ 160.<br \/>\nAux\u00edlio Brasil: entenda quais os cuidados ao contratar o empr\u00e9stimo consignado<br \/>\nCr\u00edticas<br \/>\nA oferta de cr\u00e9dito consignado por meio do Aux\u00edlio Brasil tem sido criticada por especialistas e entidades. Eles alegam que a medida pode ser danosa \u00e0 popula\u00e7\u00e3o, porque os recursos do programa de transfer\u00eancia de renda costumam ser utilizados para gastos b\u00e1sicos de sobreviv\u00eancia.<br \/>\nCom o empr\u00e9stimo, no entanto, o cidad\u00e3o pode ter at\u00e9 40% do benef\u00edcio descontado antes do pagamento.<br \/>\nFazer um empr\u00e9stimo consignado ligado ao Aux\u00edlio Brasil pode valer a pena para quem tem alguma necessidade urgente e inadi\u00e1vel \u2013 mas n\u00e3o para pagar as contas do dia a dia, ou para fazer compras desnecess\u00e1rias.<br \/>\nIsso porque o cr\u00e9dito pode comprometer a renda dispon\u00edvel do benefici\u00e1rio por um longo prazo. Assim, pode faltar dinheiro por v\u00e1rios meses para fazer gastos essenciais, como alimenta\u00e7\u00e3o.<br \/>\nA presidente da Caixa Econ\u00f4mica Federal, Daniella Marques, avaliou, por\u00e9m, que o cr\u00e9dito ser\u00e1 uma oportunidade para os benefici\u00e1rios do Aux\u00edlio Brasil quitarem empr\u00e9stimos com juros mais altos, como o cart\u00e3o de cr\u00e9dito rotativo, ou para investirem nos seus neg\u00f3cios.<\/p>\n","protected":false},"excerpt":{"rendered":"<p>Maiores bancos privados do pa\u00eds n\u00e3o preveem aderir \u00e0 modalidade, que \u00e9 alvo de cr\u00edticas de especialistas. A presidente da Caixa Econ\u00f4mica Federal, Daniella Marques, afirmou nesta quinta-feira (6) que o cr\u00e9dito consignado com Aux\u00edlio Brasil dever\u00e1 ser liberado entre os dias 10 e 15 de outubro. O an\u00fancio foi feito durante coletiva de imprensa<\/p>\n","protected":false},"author":1,"featured_media":7619,"comment_status":"open","ping_status":"open","sticky":false,"template":"","format":"standard","meta":{"om_disable_all_campaigns":false,"_monsterinsights_skip_tracking":false,"_monsterinsights_sitenote_active":false,"_monsterinsights_sitenote_note":"","_monsterinsights_sitenote_category":0,"footnotes":""},"categories":[43],"tags":[],"class_list":{"0":"post-7618","1":"post","2":"type-post","3":"status-publish","4":"format-standard","5":"has-post-thumbnail","7":"category-economia"},"_links":{"self":[{"href":"https:\/\/comandogeraldanoticia.com.br\/index.php\/wp-json\/wp\/v2\/posts\/7618","targetHints":{"allow":["GET"]}}],"collection":[{"href":"https:\/\/comandogeraldanoticia.com.br\/index.php\/wp-json\/wp\/v2\/posts"}],"about":[{"href":"https:\/\/comandogeraldanoticia.com.br\/index.php\/wp-json\/wp\/v2\/types\/post"}],"author":[{"embeddable":true,"href":"https:\/\/comandogeraldanoticia.com.br\/index.php\/wp-json\/wp\/v2\/users\/1"}],"replies":[{"embeddable":true,"href":"https:\/\/comandogeraldanoticia.com.br\/index.php\/wp-json\/wp\/v2\/comments?post=7618"}],"version-history":[{"count":0,"href":"https:\/\/comandogeraldanoticia.com.br\/index.php\/wp-json\/wp\/v2\/posts\/7618\/revisions"}],"wp:featuredmedia":[{"embeddable":true,"href":"https:\/\/comandogeraldanoticia.com.br\/index.php\/wp-json\/wp\/v2\/media\/7619"}],"wp:attachment":[{"href":"https:\/\/comandogeraldanoticia.com.br\/index.php\/wp-json\/wp\/v2\/media?parent=7618"}],"wp:term":[{"taxonomy":"category","embeddable":true,"href":"https:\/\/comandogeraldanoticia.com.br\/index.php\/wp-json\/wp\/v2\/categories?post=7618"},{"taxonomy":"post_tag","embeddable":true,"href":"https:\/\/comandogeraldanoticia.com.br\/index.php\/wp-json\/wp\/v2\/tags?post=7618"}],"curies":[{"name":"wp","href":"https:\/\/api.w.org\/{rel}","templated":true}]}}