{"id":7614,"date":"2022-10-06T19:21:48","date_gmt":"2022-10-06T19:21:48","guid":{"rendered":"https:\/\/comandogeraldanoticia.com.br\/index.php\/2022\/10\/06\/vicosa-recebe-1o-seminario-interdisciplinar-do-cancer-de-mama-dia-27-de-outubro-2\/"},"modified":"2022-10-06T19:21:48","modified_gmt":"2022-10-06T19:21:48","slug":"vicosa-recebe-1o-seminario-interdisciplinar-do-cancer-de-mama-dia-27-de-outubro-2","status":"publish","type":"post","link":"https:\/\/comandogeraldanoticia.com.br\/index.php\/2022\/10\/06\/vicosa-recebe-1o-seminario-interdisciplinar-do-cancer-de-mama-dia-27-de-outubro-2\/","title":{"rendered":"Vi\u00e7osa recebe 1\u00ba Semin\u00e1rio Interdisciplinar do C\u00e2ncer de Mama dia 27 de outubro"},"content":{"rendered":"<p>Evento \u00e9 fruto de parceria entre a prefeitura e a UFV<\/p>\n","protected":false},"excerpt":{"rendered":"<p>Evento \u00e9 fruto de parceria entre a prefeitura e a UFV<\/p>\n","protected":false},"author":1,"featured_media":7615,"comment_status":"open","ping_status":"open","sticky":false,"template":"","format":"standard","meta":{"om_disable_all_campaigns":false,"_monsterinsights_skip_tracking":false,"_monsterinsights_sitenote_active":false,"_monsterinsights_sitenote_note":"","_monsterinsights_sitenote_category":0,"footnotes":""},"categories":[51],"tags":[],"class_list":{"0":"post-7614","1":"post","2":"type-post","3":"status-publish","4":"format-standard","5":"has-post-thumbnail","7":"category-matas-de-sao-joao"},"_links":{"self":[{"href":"https:\/\/comandogeraldanoticia.com.br\/index.php\/wp-json\/wp\/v2\/posts\/7614","targetHints":{"allow":["GET"]}}],"collection":[{"href":"https:\/\/comandogeraldanoticia.com.br\/index.php\/wp-json\/wp\/v2\/posts"}],"about":[{"href":"https:\/\/comandogeraldanoticia.com.br\/index.php\/wp-json\/wp\/v2\/types\/post"}],"author":[{"embeddable":true,"href":"https:\/\/comandogeraldanoticia.com.br\/index.php\/wp-json\/wp\/v2\/users\/1"}],"replies":[{"embeddable":true,"href":"https:\/\/comandogeraldanoticia.com.br\/index.php\/wp-json\/wp\/v2\/comments?post=7614"}],"version-history":[{"count":0,"href":"https:\/\/comandogeraldanoticia.com.br\/index.php\/wp-json\/wp\/v2\/posts\/7614\/revisions"}],"wp:featuredmedia":[{"embeddable":true,"href":"https:\/\/comandogeraldanoticia.com.br\/index.php\/wp-json\/wp\/v2\/media\/7615"}],"wp:attachment":[{"href":"https:\/\/comandogeraldanoticia.com.br\/index.php\/wp-json\/wp\/v2\/media?parent=7614"}],"wp:term":[{"taxonomy":"category","embeddable":true,"href":"https:\/\/comandogeraldanoticia.com.br\/index.php\/wp-json\/wp\/v2\/categories?post=7614"},{"taxonomy":"post_tag","embeddable":true,"href":"https:\/\/comandogeraldanoticia.com.br\/index.php\/wp-json\/wp\/v2\/tags?post=7614"}],"curies":[{"name":"wp","href":"https:\/\/api.w.org\/{rel}","templated":true}]}}