{"id":7609,"date":"2022-10-06T19:21:14","date_gmt":"2022-10-06T19:21:14","guid":{"rendered":"https:\/\/comandogeraldanoticia.com.br\/index.php\/2022\/10\/06\/confrontos-em-presidios-do-equador-deixam-29-mortos-e-66-feridos\/"},"modified":"2022-10-06T19:21:14","modified_gmt":"2022-10-06T19:21:14","slug":"confrontos-em-presidios-do-equador-deixam-29-mortos-e-66-feridos","status":"publish","type":"post","link":"https:\/\/comandogeraldanoticia.com.br\/index.php\/2022\/10\/06\/confrontos-em-presidios-do-equador-deixam-29-mortos-e-66-feridos\/","title":{"rendered":"Confrontos em pres\u00eddios do Equador deixam 29 mortos e 66 feridos"},"content":{"rendered":"<p><img decoding=\"async\" src=\"https:\/\/s2.glbimg.com\/-5ysTu_KI5_1CybXs1PorVQgmZk=\/i.s3.glbimg.com\/v1\/AUTH_59edd422c0c84a879bd37670ae4f538a\/internal_photos\/bs\/2022\/Z\/I\/gXQLdRT5C6iKE0rUCnXA\/000-32ku9r6.jpg\"><br \/>   Desde o ano passado, 400 pessoas j\u00e1 morreram em confrontos dentro dos pres\u00eddios equatorianos. Policiais dentro de um pres\u00eddio em Guayaquil, no Equador<br \/>\nReprodu\u00e7\u00e3o\/Governo do Equador\/Via AFP<br \/>\nAo menos 29 pessoas morreram e 66 ficaram feridas (entre elas, cinco policiais) ap\u00f3s confrontos em dois pres\u00eddios do Equador desde segunda-feira (3). Desde o ano passado, quase 400 pessoas morreram em massacres em pris\u00f5es no pa\u00eds.<br \/>\nAs gangues que disputam o mercado de drogas ilegais nas ruas passaram a se enfrentar dentro das pris\u00f5es. Os recentes confrontos entre os detentos ocorreram em duas das principais pris\u00f5es equatorianas.<br \/>\nEquador decreta emerg\u00eancia para combater a viol\u00eancia<br \/>\nPris\u00f5es lotadas, poucos guardas<br \/>\nA Ouvidoria pediu em comunicado nesta quinta-feira para aumentar a presen\u00e7a de guardas nas pris\u00f5es do pa\u00eds. Al\u00e9m de poucos guardas, as pris\u00f5es est\u00e3o com sobrelota\u00e7\u00e3o. A capacidade \u00e9 de 30.200 pessoas, mas h\u00e1 32.400 presidi\u00e1rios, segundo dados da entidade que administra as pris\u00f5es (SNAI). .<br \/>\nEm Guayas 1, um pres\u00eddio em Guayaquil, os confrontos que come\u00e7aram na quarta-feira deixaram 13 mortos e 23 feridos, segundo informa\u00e7\u00f5es da entidade estatal encarregada das pris\u00f5es.<br \/>\n&#8220;As institui\u00e7\u00f5es de seguran\u00e7a continuam com seus trabalhos no Centro Penitenci\u00e1rio&#8221;, afirmou o \u00f3rg\u00e3o no Twitter. Uma for\u00e7a de 900 policiais e militares foi enviada ao pres\u00eddio para conter a revolta.<br \/>\nO Minist\u00e9rio do Interior anunciou, por sua vez, que &#8220;o controle foi recuperado&#8221; na pris\u00e3o de Guayaquil, na qual um posto de comando junto com a for\u00e7a p\u00fablica permanecem ativos &#8220;para monitorar a situa\u00e7\u00e3o e garantir a ordem&#8221;.<br \/>\nNa segunda e ter\u00e7a-feira tamb\u00e9m ocorreram confrontos entre detentos na pris\u00e3o da cidade de Latacunga, no centro andino do Equador, deixando 16 presos mortos, a maioria desmembrados, e 43 feridos.<br \/>\nNeste caso, a viol\u00eancia teria se originado pelo assassinato de Leandro Norero, um traficante de drogas de 36 anos conhecido como &#8220;El Patr\u00f3n&#8221;, que foi detido em maio e era procurado pelo Peru.<br \/>\nO ministro do Interior, Juan Zapata, afirmou na ter\u00e7a-feira que a prov\u00e1vel morte de Norero, que ainda n\u00e3o foi confirmada, poderia desencadear novos confrontos entre os detentos.<br \/>\nTiros contra policiais<br \/>\nEntre os feridos em Guayas 1 est\u00e3o cinco agentes penitenci\u00e1rios, que foram agredidos &#8220;com armas de fogo ao intervir para restabelecer a ordem&#8221;, segundo a pol\u00edcia, que divulgou um v\u00eddeo em que um agente ferido \u00e9 visto ao ser evacuado do local por companheiros.<br \/>\nNos centros de deten\u00e7\u00e3o, gangues como Los Chone Killers, Los Choneros, Los Lobos e Los Tiguerones administram o tr\u00e1fico de drogas.<br \/>\nAs organiza\u00e7\u00f5es, que t\u00eam liga\u00e7\u00f5es com cart\u00e9is mexicanos, lutam pelo dom\u00ednio do neg\u00f3cio a sangue e fogo.<br \/>\nEm apenas um massacre, 122 prisioneiros morreram em Guayas 1 em setembro de 2021, um dos mais atrozes da Am\u00e9rica Latina. Tr\u00eas outros assassinatos tamb\u00e9m ocorreram l\u00e1.<br \/>\nOs confrontos que eclodiram na quarta-feira em Guayas 1 envolveram detentos de tr\u00eas dos doze pavilh\u00f5es que abrigam cerca de 6.900 presos e que fazem parte de um grande complexo prisional de cinco pris\u00f5es em Guayaquil, onde est\u00e3o localizadas 13.100 pessoas, o que representa uma superpopula\u00e7\u00e3o de 20%.<br \/>\nVeja os v\u00eddeos mais assistidos do g1<\/p>\n","protected":false},"excerpt":{"rendered":"<p>Desde o ano passado, 400 pessoas j\u00e1 morreram em confrontos dentro dos pres\u00eddios equatorianos. Policiais dentro de um pres\u00eddio em Guayaquil, no Equador Reprodu\u00e7\u00e3o\/Governo do Equador\/Via AFP Ao menos 29 pessoas morreram e 66 ficaram feridas (entre elas, cinco policiais) ap\u00f3s confrontos em dois pres\u00eddios do Equador desde segunda-feira (3). Desde o ano passado, quase<\/p>\n","protected":false},"author":1,"featured_media":7610,"comment_status":"open","ping_status":"open","sticky":false,"template":"","format":"standard","meta":{"om_disable_all_campaigns":false,"_monsterinsights_skip_tracking":false,"_monsterinsights_sitenote_active":false,"_monsterinsights_sitenote_note":"","_monsterinsights_sitenote_category":0,"footnotes":""},"categories":[47],"tags":[],"class_list":{"0":"post-7609","1":"post","2":"type-post","3":"status-publish","4":"format-standard","5":"has-post-thumbnail","7":"category-mundo"},"_links":{"self":[{"href":"https:\/\/comandogeraldanoticia.com.br\/index.php\/wp-json\/wp\/v2\/posts\/7609","targetHints":{"allow":["GET"]}}],"collection":[{"href":"https:\/\/comandogeraldanoticia.com.br\/index.php\/wp-json\/wp\/v2\/posts"}],"about":[{"href":"https:\/\/comandogeraldanoticia.com.br\/index.php\/wp-json\/wp\/v2\/types\/post"}],"author":[{"embeddable":true,"href":"https:\/\/comandogeraldanoticia.com.br\/index.php\/wp-json\/wp\/v2\/users\/1"}],"replies":[{"embeddable":true,"href":"https:\/\/comandogeraldanoticia.com.br\/index.php\/wp-json\/wp\/v2\/comments?post=7609"}],"version-history":[{"count":0,"href":"https:\/\/comandogeraldanoticia.com.br\/index.php\/wp-json\/wp\/v2\/posts\/7609\/revisions"}],"wp:featuredmedia":[{"embeddable":true,"href":"https:\/\/comandogeraldanoticia.com.br\/index.php\/wp-json\/wp\/v2\/media\/7610"}],"wp:attachment":[{"href":"https:\/\/comandogeraldanoticia.com.br\/index.php\/wp-json\/wp\/v2\/media?parent=7609"}],"wp:term":[{"taxonomy":"category","embeddable":true,"href":"https:\/\/comandogeraldanoticia.com.br\/index.php\/wp-json\/wp\/v2\/categories?post=7609"},{"taxonomy":"post_tag","embeddable":true,"href":"https:\/\/comandogeraldanoticia.com.br\/index.php\/wp-json\/wp\/v2\/tags?post=7609"}],"curies":[{"name":"wp","href":"https:\/\/api.w.org\/{rel}","templated":true}]}}