{"id":7602,"date":"2022-10-06T18:11:06","date_gmt":"2022-10-06T18:11:06","guid":{"rendered":"https:\/\/comandogeraldanoticia.com.br\/index.php\/2022\/10\/06\/um-terco-do-planeta-entrara-em-recessao-em-2023-diz-diretora-do-fmi\/"},"modified":"2022-10-06T18:11:06","modified_gmt":"2022-10-06T18:11:06","slug":"um-terco-do-planeta-entrara-em-recessao-em-2023-diz-diretora-do-fmi","status":"publish","type":"post","link":"https:\/\/comandogeraldanoticia.com.br\/index.php\/2022\/10\/06\/um-terco-do-planeta-entrara-em-recessao-em-2023-diz-diretora-do-fmi\/","title":{"rendered":"Um ter\u00e7o do planeta entrar\u00e1 em recess\u00e3o em 2023, diz diretora do FMI"},"content":{"rendered":"<p><img decoding=\"async\" src=\"https:\/\/s2.glbimg.com\/oAc-I7NW6IVJaDo6FusPABtqbGY=\/i.s3.glbimg.com\/v1\/AUTH_59edd422c0c84a879bd37670ae4f538a\/internal_photos\/bs\/2021\/C\/N\/DmkleQSUuDbBLyHmXkHQ\/2021-09-16t204428z-363284243-rc28rp9zbnhv-rtrmadp-3-worldbank-ethics.jpg\"><br \/>   Kristalina Georgieva disse que mesmo que pa\u00edses que n\u00e3o entrarem em recess\u00e3o v\u00e3o \u201csentir\u201d como se estivessem em uma, diante da abrang\u00eancia da crise. A diretora-gerente do Fundo Monet\u00e1rio Internacional (FMI), Kristalina Georgieva, fala durante uma entrevista coletiva em Washington<br \/>\nREUTERS\/Mike Theiler\/File Photo<br \/>\nO pr\u00f3ximo ano ser\u00e1 dif\u00edcil para a economia mundial, com pelo menos um ter\u00e7o do planeta entrando em recess\u00e3o, alertou a diretora-gerente do Fundo Monet\u00e1rio Internacional (FMI), Kristalina Georgieva. Ela disse que mesmo que pa\u00edses que n\u00e3o entrarem em recess\u00e3o v\u00e3o \u201csentir\u201d como se estivessem em uma, diante da abrang\u00eancia da crise.<br \/>\nA fala da diretora-gerente do FMI foi feita dias antes da divulga\u00e7\u00e3o do relat\u00f3rio de proje\u00e7\u00f5es econ\u00f4micas da institui\u00e7\u00e3o para o pr\u00f3ximo ano, e indica revis\u00f5es para baixo sobre o crescimento da economia mundial.<br \/>\nSegundo Georgieva, \u201cm\u00faltiplos choques\u201d mundiais, como a invas\u00e3o da Ucr\u00e2nia pela R\u00fassia, os altos pre\u00e7os de energia e alimentos e as press\u00f5es inflacion\u00e1rias persistentes s\u00e3o as principais raz\u00f5es para uma perspectiva negativa da economia para o pr\u00f3ximo ano.<br \/>\nEla disse que o crescimento em todas as maiores economias do mundo est\u00e1 desacelerando, provocando \u201ctens\u00f5es severas\u201d em alguns lugares.<br \/>\nA fala da diretora-gerente prepara o terreno para um relat\u00f3rio com n\u00fameros preocupantes, ao ponto de dizer que a situa\u00e7\u00e3o \u00e9 &#8220;mais prov\u00e1vel\u201d que piore do que melhorar no curto prazo.<br \/>\nDiante da situa\u00e7\u00e3o, ela disse que o FMI recomenda que os bancos centrais no mundo continuem com a tend\u00eancia de aumentar as taxas de juros para lidar com as crescentes press\u00f5es inflacion\u00e1rias como maneira de lidar com os aumentos de pre\u00e7os e blindar a popula\u00e7\u00e3o.<br \/>\n\u201cN\u00e3o aumentar o suficiente [as taxas de juros] faria com que a infla\u00e7\u00e3o se tornasse desancorada e entrincheirada, o que exigiria que os juros futuros fossem muito mais altos, causando grandes danos ao crescimento e \u00e0s pessoas\u201d, disse Georgieva durante coletiva nesta quinta-feira.<br \/>\nApesar do pedido, ela alerta que muitos aumentos de juros podem levar a uma \u201crecess\u00e3o prolongada\u201d, mas o risco de fazer muito pouco no momento \u00e9 maior, disse ela.<br \/>\nA diretora-gerente tamb\u00e9m criticou medidas para blindar a popula\u00e7\u00e3o dos aumentos de pre\u00e7o de energia \u00e0s custas do endividamento do Estado, pol\u00edticas adotadas por Reino Unido e Alemanha. Sem citar os pa\u00edses, Georgieva disse que \u201ccontrolar os pre\u00e7os por um longo per\u00edodo n\u00e3o \u00e9 acess\u00edvel, nem \u00e9 eficaz\u201d.<br \/>\nO FMI j\u00e1 repreendeu publicamente o governo do Reino Unido por seu apoio \u00e0 energia e cortes de impostos n\u00e3o financiados.<br \/>\nEla destacou os riscos inflacion\u00e1rios de injetar muito dinheiro na economia para proteger as fam\u00edlias em um momento em que os bancos centrais estavam aumentando as taxas de juros para desacelerar os gastos e devolver a infla\u00e7\u00e3o a n\u00edveis baixos e disse que n\u00e3o se pode provocar uma expans\u00e3o da pol\u00edtica fiscal em momento de redu\u00e7\u00e3o da pol\u00edtica monet\u00e1ria.<br \/>\nA l\u00edder do FMI terminou seu discurso dizendo que n\u00e3o existe solu\u00e7\u00e3o r\u00e1pida para a economia mundial e que a \u00fanica sa\u00edda para este cen\u00e1rio \u00e9 uma coopera\u00e7\u00e3o ampla entre todo o planeta.<\/p>\n","protected":false},"excerpt":{"rendered":"<p>Kristalina Georgieva disse que mesmo que pa\u00edses que n\u00e3o entrarem em recess\u00e3o v\u00e3o \u201csentir\u201d como se estivessem em uma, diante da abrang\u00eancia da crise. A diretora-gerente do Fundo Monet\u00e1rio Internacional (FMI), Kristalina Georgieva, fala durante uma entrevista coletiva em Washington REUTERS\/Mike Theiler\/File Photo O pr\u00f3ximo ano ser\u00e1 dif\u00edcil para a economia mundial, com pelo menos<\/p>\n","protected":false},"author":1,"featured_media":0,"comment_status":"open","ping_status":"open","sticky":false,"template":"","format":"standard","meta":{"om_disable_all_campaigns":false,"_monsterinsights_skip_tracking":false,"_monsterinsights_sitenote_active":false,"_monsterinsights_sitenote_note":"","_monsterinsights_sitenote_category":0,"footnotes":""},"categories":[43],"tags":[],"class_list":{"0":"post-7602","1":"post","2":"type-post","3":"status-publish","4":"format-standard","6":"category-economia"},"_links":{"self":[{"href":"https:\/\/comandogeraldanoticia.com.br\/index.php\/wp-json\/wp\/v2\/posts\/7602","targetHints":{"allow":["GET"]}}],"collection":[{"href":"https:\/\/comandogeraldanoticia.com.br\/index.php\/wp-json\/wp\/v2\/posts"}],"about":[{"href":"https:\/\/comandogeraldanoticia.com.br\/index.php\/wp-json\/wp\/v2\/types\/post"}],"author":[{"embeddable":true,"href":"https:\/\/comandogeraldanoticia.com.br\/index.php\/wp-json\/wp\/v2\/users\/1"}],"replies":[{"embeddable":true,"href":"https:\/\/comandogeraldanoticia.com.br\/index.php\/wp-json\/wp\/v2\/comments?post=7602"}],"version-history":[{"count":0,"href":"https:\/\/comandogeraldanoticia.com.br\/index.php\/wp-json\/wp\/v2\/posts\/7602\/revisions"}],"wp:attachment":[{"href":"https:\/\/comandogeraldanoticia.com.br\/index.php\/wp-json\/wp\/v2\/media?parent=7602"}],"wp:term":[{"taxonomy":"category","embeddable":true,"href":"https:\/\/comandogeraldanoticia.com.br\/index.php\/wp-json\/wp\/v2\/categories?post=7602"},{"taxonomy":"post_tag","embeddable":true,"href":"https:\/\/comandogeraldanoticia.com.br\/index.php\/wp-json\/wp\/v2\/tags?post=7602"}],"curies":[{"name":"wp","href":"https:\/\/api.w.org\/{rel}","templated":true}]}}