{"id":7599,"date":"2022-10-06T18:10:28","date_gmt":"2022-10-06T18:10:28","guid":{"rendered":"https:\/\/comandogeraldanoticia.com.br\/index.php\/2022\/10\/06\/sedap-realiza-1a-feira-de-pescadores-e-marisqueiras-em-itacimirim-dias-8-e-9-10\/"},"modified":"2022-10-06T18:10:28","modified_gmt":"2022-10-06T18:10:28","slug":"sedap-realiza-1a-feira-de-pescadores-e-marisqueiras-em-itacimirim-dias-8-e-9-10","status":"publish","type":"post","link":"https:\/\/comandogeraldanoticia.com.br\/index.php\/2022\/10\/06\/sedap-realiza-1a-feira-de-pescadores-e-marisqueiras-em-itacimirim-dias-8-e-9-10\/","title":{"rendered":"Sedap realiza 1\u00aa Feira de Pescadores e Marisqueiras em Itacimirim dias 8 e 9\/10"},"content":{"rendered":"<p>Apoiando a iniciativa da Associa\u00e7\u00e3o de Pescadores e Marisqueiras de Barra do Pojuca e de Itacimirim, a Secretaria do Desenvolvimento da Agricultura e Pesca (Sedap) realiza a 1\u00aa Feira de Pescadores e Marisqueiras de Itacimirim. O evento reunir\u00e1 cerca de 40 profissionais que exercem as pr\u00e1ticas nessas localidades. Gratuito, o evento acontece nos dias 8 e 9\/10 (s\u00e1bado e domingo), a partir das 8h, na sede da associa\u00e7\u00e3o, localizada na praia da Espera, em Itacimirim.<\/p>\n<p>Al\u00e9m de peixes, lagostas, camar\u00f5es e diversos mariscos, haver\u00e1 um leque de produtos oriundos da agricultura familiar, que harmonizam com os carros-chefes do dia. Ovos, farinha, corante, aipim, coco verde e seco, azeite de dend\u00ea, \u00f3leo de coco, mam\u00e3o e tomate cereja, s\u00e3o alguns dos itens comercializados. Clientes e visitantes encontrar\u00e3o tamb\u00e9m, op\u00e7\u00f5es para a sobremesa, como cocadas, bolos, p\u00e9 de moleque e beijus. Para quem \u00e9 al\u00e9rgico a frutos do mar, h\u00e1 a op\u00e7\u00e3o de levar um frango abatido. No s\u00e1bado a feira vai at\u00e9 16h, enquanto que no domingo fica at\u00e9 12h.<\/p>\n<p>Com a realiza\u00e7\u00e3o do evento, a Sedap fomenta as atividades pesqueira e marisqueira no munic\u00edpio. Por meio da pasta, a Prefeitura de Cama\u00e7ari estimula e garante condi\u00e7\u00f5es concretas para a circula\u00e7\u00e3o de produtos que os profissionais beneficiam.<\/p>\n","protected":false},"excerpt":{"rendered":"<p>Apoiando a iniciativa da Associa\u00e7\u00e3o de Pescadores e Marisqueiras de Barra do Pojuca e de Itacimirim, a Secretaria do Desenvolvimento da Agricultura e Pesca (Sedap) realiza a 1\u00aa Feira de Pescadores e Marisqueiras de Itacimirim. O evento reunir\u00e1 cerca de 40 profissionais que exercem as pr\u00e1ticas nessas localidades. Gratuito, o evento acontece nos dias 8<\/p>\n","protected":false},"author":1,"featured_media":7600,"comment_status":"open","ping_status":"open","sticky":false,"template":"","format":"standard","meta":{"om_disable_all_campaigns":false,"_monsterinsights_skip_tracking":false,"_monsterinsights_sitenote_active":false,"_monsterinsights_sitenote_note":"","_monsterinsights_sitenote_category":0,"footnotes":""},"categories":[40],"tags":[],"class_list":{"0":"post-7599","1":"post","2":"type-post","3":"status-publish","4":"format-standard","5":"has-post-thumbnail","7":"category-camacari"},"_links":{"self":[{"href":"https:\/\/comandogeraldanoticia.com.br\/index.php\/wp-json\/wp\/v2\/posts\/7599","targetHints":{"allow":["GET"]}}],"collection":[{"href":"https:\/\/comandogeraldanoticia.com.br\/index.php\/wp-json\/wp\/v2\/posts"}],"about":[{"href":"https:\/\/comandogeraldanoticia.com.br\/index.php\/wp-json\/wp\/v2\/types\/post"}],"author":[{"embeddable":true,"href":"https:\/\/comandogeraldanoticia.com.br\/index.php\/wp-json\/wp\/v2\/users\/1"}],"replies":[{"embeddable":true,"href":"https:\/\/comandogeraldanoticia.com.br\/index.php\/wp-json\/wp\/v2\/comments?post=7599"}],"version-history":[{"count":0,"href":"https:\/\/comandogeraldanoticia.com.br\/index.php\/wp-json\/wp\/v2\/posts\/7599\/revisions"}],"wp:featuredmedia":[{"embeddable":true,"href":"https:\/\/comandogeraldanoticia.com.br\/index.php\/wp-json\/wp\/v2\/media\/7600"}],"wp:attachment":[{"href":"https:\/\/comandogeraldanoticia.com.br\/index.php\/wp-json\/wp\/v2\/media?parent=7599"}],"wp:term":[{"taxonomy":"category","embeddable":true,"href":"https:\/\/comandogeraldanoticia.com.br\/index.php\/wp-json\/wp\/v2\/categories?post=7599"},{"taxonomy":"post_tag","embeddable":true,"href":"https:\/\/comandogeraldanoticia.com.br\/index.php\/wp-json\/wp\/v2\/tags?post=7599"}],"curies":[{"name":"wp","href":"https:\/\/api.w.org\/{rel}","templated":true}]}}