{"id":7595,"date":"2022-10-06T18:10:30","date_gmt":"2022-10-06T18:10:30","guid":{"rendered":"https:\/\/comandogeraldanoticia.com.br\/index.php\/2022\/10\/06\/sedes-promove-encontro-com-palestras-tematicas-para-os-idosos-do-conviver-e-familiares\/"},"modified":"2022-10-06T18:10:30","modified_gmt":"2022-10-06T18:10:30","slug":"sedes-promove-encontro-com-palestras-tematicas-para-os-idosos-do-conviver-e-familiares","status":"publish","type":"post","link":"https:\/\/comandogeraldanoticia.com.br\/index.php\/2022\/10\/06\/sedes-promove-encontro-com-palestras-tematicas-para-os-idosos-do-conviver-e-familiares\/","title":{"rendered":"Sedes promove encontro com palestras tem\u00e1ticas para os idosos do Conviver e familiares"},"content":{"rendered":"<p>Com o intuito de alertar e trazer informa\u00e7\u00f5es sobre os direitos dos idosos, assim como a contribui\u00e7\u00e3o da fam\u00edlia para o envelhecimento saud\u00e1vel, a Secretaria do Desenvolvimento Social e Cidadania (Sedes) promoveu nesta quinta-feira (6\/10) um encontro com palestras voltadas para o p\u00fablico assistido pelo Centro de Conviv\u00eancia da Pessoa Idosa (Conviver). A iniciativa, que aconteceu na Ch\u00e1cara dos Padres, foi realizada em parceria com a Associa\u00e7\u00e3o Beneficente S\u00e3o Thomaz de Cantu\u00e1ria (ABSTC) e integra as atividades alusivas ao Dia Internacional do Idoso, celebrado em 1\u00ba de outubro.<\/p>\n<p>Sa\u00fade da Pessoa Idosa e Direito do Idoso foram os temas abordados nas palestras, conforme explicou a coordenadora do Conviver, Luci Sena. \u201cHoje estamos com cerca de 150 idosos no evento, o convite foi feito tamb\u00e9m para os familiares, devido \u00e0 relev\u00e2ncia dos conte\u00fados abordados. N\u00f3s trouxemos duas profissionais para falar sobre os assuntos, orientar e tirar d\u00favidas, com a finalidade de informar e promover uma reflex\u00e3o sobre os cuidados em todos os \u00e2mbitos com os nossos idosos\u201d, disse.<\/p>\n<p>Secret\u00e1rio da ABSTC, Adailson Carneiro pontuou que a institui\u00e7\u00e3o desenvolve atividades voltadas para este p\u00fablico atrav\u00e9s do projeto Arte de Viver e ressaltou a import\u00e2ncia da parceria com o centro. \u201cConversando com a coordena\u00e7\u00e3o do Conviver, tivemos a ideia de fazer um evento voltado para o p\u00fablico idoso, j\u00e1 que no dia 1\u00ba de outubro, foi o Dia Internacional da Pessoa Idosa, ent\u00e3o idealizamos esse momento, para instruir os idosos, falar dos seus direitos, orientar os familiares e abordar tamb\u00e9m as quest\u00f5es de sa\u00fade\u201d, falou.<\/p>\n<p>O evento foi aprovado pelos assistidos. Para Nilma Vieira, 64 anos, \u00e9 relevante que os idosos tenham conhecimento e saibam onde buscar seus direitos. \u201cA palestra foi muito boa, realmente tem idosos que n\u00e3o sabem como resolver um problema, ou a quem recorrer, foram informa\u00e7\u00f5es muito importantes\u201d, afirmou.<\/p>\n<p>O aposentado Gerv\u00e1sio Ribeiro, 76 anos, tamb\u00e9m parabenizou o evento. \u201cInforma\u00e7\u00e3o \u00e9 tudo, \u00e0s vezes a gente n\u00e3o se atenta para algumas quest\u00f5es e foi muito bom assistir a essas palestras, tanto sobre os nossos direitos, como sobre os cuidados com a nossa sa\u00fade\u201d, avaliou.<\/p>\n<\/p>\n<figure class=\"wp-container-2 wp-block-gallery-1 wp-block-gallery has-nested-images columns-default is-cropped\">\n<figure class=\"wp-block-image size-large\"><img fetchpriority=\"high\" decoding=\"async\" width=\"1024\" height=\"683\" data-id=\"182926\" src=\"https:\/\/www.camacari.ba.gov.br\/wp-content\/uploads\/2022\/10\/sedes-promove-encontro-com-palestras-tematicas-para-os-idosos-do-conviver-e-familiares-adeilson-carvalho-6.10-1-1024x683.jpeg\" alt=\"\" class=\"wp-image-182926\" srcset=\"https:\/\/www.camacari.ba.gov.br\/wp-content\/uploads\/2022\/10\/sedes-promove-encontro-com-palestras-tematicas-para-os-idosos-do-conviver-e-familiares-adeilson-carvalho-6.10-1-1024x683.jpeg 1024w, https:\/\/www.camacari.ba.gov.br\/wp-content\/uploads\/2022\/10\/sedes-promove-encontro-com-palestras-tematicas-para-os-idosos-do-conviver-e-familiares-adeilson-carvalho-6.10-1-300x200.jpeg 300w, https:\/\/www.camacari.ba.gov.br\/wp-content\/uploads\/2022\/10\/sedes-promove-encontro-com-palestras-tematicas-para-os-idosos-do-conviver-e-familiares-adeilson-carvalho-6.10-1-768x512.jpeg 768w, https:\/\/www.camacari.ba.gov.br\/wp-content\/uploads\/2022\/10\/sedes-promove-encontro-com-palestras-tematicas-para-os-idosos-do-conviver-e-familiares-adeilson-carvalho-6.10-1.jpeg 1600w\" sizes=\"(max-width: 1024px) 100vw, 1024px\"><\/figure>\n<figure class=\"wp-block-image size-large\"><img loading=\"lazy\" decoding=\"async\" loading=\"lazy\" width=\"1024\" height=\"683\" data-id=\"182923\" src=\"https:\/\/www.camacari.ba.gov.br\/wp-content\/uploads\/2022\/10\/sedes-promove-encontro-com-palestras-tematicas-para-os-idosos-do-conviver-e-familiares-adeilson-carvalho-6.10-2-1024x683.jpeg\" alt=\"\" class=\"wp-image-182923\" srcset=\"https:\/\/www.camacari.ba.gov.br\/wp-content\/uploads\/2022\/10\/sedes-promove-encontro-com-palestras-tematicas-para-os-idosos-do-conviver-e-familiares-adeilson-carvalho-6.10-2-1024x683.jpeg 1024w, https:\/\/www.camacari.ba.gov.br\/wp-content\/uploads\/2022\/10\/sedes-promove-encontro-com-palestras-tematicas-para-os-idosos-do-conviver-e-familiares-adeilson-carvalho-6.10-2-300x200.jpeg 300w, https:\/\/www.camacari.ba.gov.br\/wp-content\/uploads\/2022\/10\/sedes-promove-encontro-com-palestras-tematicas-para-os-idosos-do-conviver-e-familiares-adeilson-carvalho-6.10-2-768x512.jpeg 768w, https:\/\/www.camacari.ba.gov.br\/wp-content\/uploads\/2022\/10\/sedes-promove-encontro-com-palestras-tematicas-para-os-idosos-do-conviver-e-familiares-adeilson-carvalho-6.10-2.jpeg 1600w\" sizes=\"auto, (max-width: 1024px) 100vw, 1024px\"><\/figure>\n<figure class=\"wp-block-image size-large\"><img loading=\"lazy\" decoding=\"async\" loading=\"lazy\" width=\"1024\" height=\"683\" data-id=\"182925\" src=\"https:\/\/www.camacari.ba.gov.br\/wp-content\/uploads\/2022\/10\/sedes-promove-encontro-com-palestras-tematicas-para-os-idosos-do-conviver-e-familiares-adeilson-carvalho-6.10-3-1024x683.jpeg\" alt=\"\" class=\"wp-image-182925\" srcset=\"https:\/\/www.camacari.ba.gov.br\/wp-content\/uploads\/2022\/10\/sedes-promove-encontro-com-palestras-tematicas-para-os-idosos-do-conviver-e-familiares-adeilson-carvalho-6.10-3-1024x683.jpeg 1024w, https:\/\/www.camacari.ba.gov.br\/wp-content\/uploads\/2022\/10\/sedes-promove-encontro-com-palestras-tematicas-para-os-idosos-do-conviver-e-familiares-adeilson-carvalho-6.10-3-300x200.jpeg 300w, https:\/\/www.camacari.ba.gov.br\/wp-content\/uploads\/2022\/10\/sedes-promove-encontro-com-palestras-tematicas-para-os-idosos-do-conviver-e-familiares-adeilson-carvalho-6.10-3-768x512.jpeg 768w, https:\/\/www.camacari.ba.gov.br\/wp-content\/uploads\/2022\/10\/sedes-promove-encontro-com-palestras-tematicas-para-os-idosos-do-conviver-e-familiares-adeilson-carvalho-6.10-3.jpeg 1600w\" sizes=\"auto, (max-width: 1024px) 100vw, 1024px\"><\/figure>\n<figure class=\"wp-block-image size-large\"><img loading=\"lazy\" decoding=\"async\" loading=\"lazy\" width=\"1024\" height=\"683\" data-id=\"182924\" src=\"https:\/\/www.camacari.ba.gov.br\/wp-content\/uploads\/2022\/10\/sedes-promove-encontro-com-palestras-tematicas-para-os-idosos-do-conviver-e-familiares-adeilson-carvalho-6.10-4-1024x683.jpeg\" alt=\"\" class=\"wp-image-182924\" srcset=\"https:\/\/www.camacari.ba.gov.br\/wp-content\/uploads\/2022\/10\/sedes-promove-encontro-com-palestras-tematicas-para-os-idosos-do-conviver-e-familiares-adeilson-carvalho-6.10-4-1024x683.jpeg 1024w, https:\/\/www.camacari.ba.gov.br\/wp-content\/uploads\/2022\/10\/sedes-promove-encontro-com-palestras-tematicas-para-os-idosos-do-conviver-e-familiares-adeilson-carvalho-6.10-4-300x200.jpeg 300w, https:\/\/www.camacari.ba.gov.br\/wp-content\/uploads\/2022\/10\/sedes-promove-encontro-com-palestras-tematicas-para-os-idosos-do-conviver-e-familiares-adeilson-carvalho-6.10-4-768x512.jpeg 768w, https:\/\/www.camacari.ba.gov.br\/wp-content\/uploads\/2022\/10\/sedes-promove-encontro-com-palestras-tematicas-para-os-idosos-do-conviver-e-familiares-adeilson-carvalho-6.10-4.jpeg 1600w\" sizes=\"auto, (max-width: 1024px) 100vw, 1024px\"><\/figure>\n<figure class=\"wp-block-image size-large\"><img loading=\"lazy\" decoding=\"async\" loading=\"lazy\" width=\"1024\" height=\"683\" data-id=\"182922\" src=\"https:\/\/www.camacari.ba.gov.br\/wp-content\/uploads\/2022\/10\/sedes-promove-encontro-com-palestras-tematicas-para-os-idosos-do-conviver-e-familiares-adeilson-carvalho-nilma-1024x683.jpeg\" alt=\"\" class=\"wp-image-182922\" srcset=\"https:\/\/www.camacari.ba.gov.br\/wp-content\/uploads\/2022\/10\/sedes-promove-encontro-com-palestras-tematicas-para-os-idosos-do-conviver-e-familiares-adeilson-carvalho-nilma-1024x683.jpeg 1024w, https:\/\/www.camacari.ba.gov.br\/wp-content\/uploads\/2022\/10\/sedes-promove-encontro-com-palestras-tematicas-para-os-idosos-do-conviver-e-familiares-adeilson-carvalho-nilma-300x200.jpeg 300w, https:\/\/www.camacari.ba.gov.br\/wp-content\/uploads\/2022\/10\/sedes-promove-encontro-com-palestras-tematicas-para-os-idosos-do-conviver-e-familiares-adeilson-carvalho-nilma-768x512.jpeg 768w, https:\/\/www.camacari.ba.gov.br\/wp-content\/uploads\/2022\/10\/sedes-promove-encontro-com-palestras-tematicas-para-os-idosos-do-conviver-e-familiares-adeilson-carvalho-nilma.jpeg 1600w\" sizes=\"auto, (max-width: 1024px) 100vw, 1024px\"><figcaption>Nilma Vieira<\/figcaption><\/figure>\n<figure class=\"wp-block-image size-large\"><img loading=\"lazy\" decoding=\"async\" loading=\"lazy\" width=\"1024\" height=\"683\" data-id=\"182921\" src=\"https:\/\/www.camacari.ba.gov.br\/wp-content\/uploads\/2022\/10\/sedes-promove-encontro-com-palestras-tematicas-para-os-idosos-do-conviver-e-familiares-adeilson-carvalho-6.10-5-1024x683.jpeg\" alt=\"\" class=\"wp-image-182921\" srcset=\"https:\/\/www.camacari.ba.gov.br\/wp-content\/uploads\/2022\/10\/sedes-promove-encontro-com-palestras-tematicas-para-os-idosos-do-conviver-e-familiares-adeilson-carvalho-6.10-5-1024x683.jpeg 1024w, https:\/\/www.camacari.ba.gov.br\/wp-content\/uploads\/2022\/10\/sedes-promove-encontro-com-palestras-tematicas-para-os-idosos-do-conviver-e-familiares-adeilson-carvalho-6.10-5-300x200.jpeg 300w, https:\/\/www.camacari.ba.gov.br\/wp-content\/uploads\/2022\/10\/sedes-promove-encontro-com-palestras-tematicas-para-os-idosos-do-conviver-e-familiares-adeilson-carvalho-6.10-5-768x512.jpeg 768w, https:\/\/www.camacari.ba.gov.br\/wp-content\/uploads\/2022\/10\/sedes-promove-encontro-com-palestras-tematicas-para-os-idosos-do-conviver-e-familiares-adeilson-carvalho-6.10-5.jpeg 1600w\" sizes=\"auto, (max-width: 1024px) 100vw, 1024px\"><\/figure>\n<figure class=\"wp-block-image size-large\"><img loading=\"lazy\" decoding=\"async\" loading=\"lazy\" width=\"1024\" height=\"683\" data-id=\"182927\" src=\"https:\/\/www.camacari.ba.gov.br\/wp-content\/uploads\/2022\/10\/sedes-promove-encontro-com-palestras-tematicas-para-os-idosos-do-conviver-e-familiares-adeilson-carvalho-gervasio-1024x683.jpeg\" alt=\"\" class=\"wp-image-182927\" srcset=\"https:\/\/www.camacari.ba.gov.br\/wp-content\/uploads\/2022\/10\/sedes-promove-encontro-com-palestras-tematicas-para-os-idosos-do-conviver-e-familiares-adeilson-carvalho-gervasio-1024x683.jpeg 1024w, https:\/\/www.camacari.ba.gov.br\/wp-content\/uploads\/2022\/10\/sedes-promove-encontro-com-palestras-tematicas-para-os-idosos-do-conviver-e-familiares-adeilson-carvalho-gervasio-300x200.jpeg 300w, https:\/\/www.camacari.ba.gov.br\/wp-content\/uploads\/2022\/10\/sedes-promove-encontro-com-palestras-tematicas-para-os-idosos-do-conviver-e-familiares-adeilson-carvalho-gervasio-768x512.jpeg 768w, https:\/\/www.camacari.ba.gov.br\/wp-content\/uploads\/2022\/10\/sedes-promove-encontro-com-palestras-tematicas-para-os-idosos-do-conviver-e-familiares-adeilson-carvalho-gervasio.jpeg 1600w\" sizes=\"auto, (max-width: 1024px) 100vw, 1024px\"><figcaption>Gerv\u00e1sio Ribeiro<\/figcaption><\/figure>\n<figure class=\"wp-block-image size-large\"><img loading=\"lazy\" decoding=\"async\" loading=\"lazy\" width=\"1024\" height=\"683\" data-id=\"182928\" src=\"https:\/\/www.camacari.ba.gov.br\/wp-content\/uploads\/2022\/10\/sedes-promove-encontro-com-palestras-tematicas-para-os-idosos-do-conviver-e-familiares-adeilson-carvalho-adailson-1024x683.jpeg\" alt=\"\" class=\"wp-image-182928\" srcset=\"https:\/\/www.camacari.ba.gov.br\/wp-content\/uploads\/2022\/10\/sedes-promove-encontro-com-palestras-tematicas-para-os-idosos-do-conviver-e-familiares-adeilson-carvalho-adailson-1024x683.jpeg 1024w, https:\/\/www.camacari.ba.gov.br\/wp-content\/uploads\/2022\/10\/sedes-promove-encontro-com-palestras-tematicas-para-os-idosos-do-conviver-e-familiares-adeilson-carvalho-adailson-300x200.jpeg 300w, https:\/\/www.camacari.ba.gov.br\/wp-content\/uploads\/2022\/10\/sedes-promove-encontro-com-palestras-tematicas-para-os-idosos-do-conviver-e-familiares-adeilson-carvalho-adailson-768x512.jpeg 768w, https:\/\/www.camacari.ba.gov.br\/wp-content\/uploads\/2022\/10\/sedes-promove-encontro-com-palestras-tematicas-para-os-idosos-do-conviver-e-familiares-adeilson-carvalho-adailson.jpeg 1600w\" sizes=\"auto, (max-width: 1024px) 100vw, 1024px\"><figcaption>Adailson Carneiro<\/figcaption><\/figure>\n<figure class=\"wp-block-image size-large\"><img loading=\"lazy\" decoding=\"async\" loading=\"lazy\" width=\"1024\" height=\"683\" data-id=\"182929\" src=\"https:\/\/www.camacari.ba.gov.br\/wp-content\/uploads\/2022\/10\/sedes-promove-encontro-com-palestras-tematicas-para-os-idosos-do-conviver-e-familiares-adeilson-carvalho-luci-sena-1024x683.jpeg\" alt=\"\" class=\"wp-image-182929\" srcset=\"https:\/\/www.camacari.ba.gov.br\/wp-content\/uploads\/2022\/10\/sedes-promove-encontro-com-palestras-tematicas-para-os-idosos-do-conviver-e-familiares-adeilson-carvalho-luci-sena-1024x683.jpeg 1024w, https:\/\/www.camacari.ba.gov.br\/wp-content\/uploads\/2022\/10\/sedes-promove-encontro-com-palestras-tematicas-para-os-idosos-do-conviver-e-familiares-adeilson-carvalho-luci-sena-300x200.jpeg 300w, https:\/\/www.camacari.ba.gov.br\/wp-content\/uploads\/2022\/10\/sedes-promove-encontro-com-palestras-tematicas-para-os-idosos-do-conviver-e-familiares-adeilson-carvalho-luci-sena-768x512.jpeg 768w, https:\/\/www.camacari.ba.gov.br\/wp-content\/uploads\/2022\/10\/sedes-promove-encontro-com-palestras-tematicas-para-os-idosos-do-conviver-e-familiares-adeilson-carvalho-luci-sena.jpeg 1600w\" sizes=\"auto, (max-width: 1024px) 100vw, 1024px\"><figcaption>Luci Sena<\/figcaption><\/figure><figcaption class=\"blocks-gallery-caption\">Foto: Adeilson Carvalho<\/figcaption><\/figure>\n","protected":false},"excerpt":{"rendered":"<p>Com o intuito de alertar e trazer informa\u00e7\u00f5es sobre os direitos dos idosos, assim como a contribui\u00e7\u00e3o da fam\u00edlia para o envelhecimento saud\u00e1vel, a Secretaria do Desenvolvimento Social e Cidadania (Sedes) promoveu nesta quinta-feira (6\/10) um encontro com palestras voltadas para o p\u00fablico assistido pelo Centro de Conviv\u00eancia da Pessoa Idosa (Conviver). A iniciativa, que<\/p>\n","protected":false},"author":1,"featured_media":7596,"comment_status":"open","ping_status":"open","sticky":false,"template":"","format":"standard","meta":{"om_disable_all_campaigns":false,"_monsterinsights_skip_tracking":false,"_monsterinsights_sitenote_active":false,"_monsterinsights_sitenote_note":"","_monsterinsights_sitenote_category":0,"footnotes":""},"categories":[40],"tags":[],"class_list":{"0":"post-7595","1":"post","2":"type-post","3":"status-publish","4":"format-standard","5":"has-post-thumbnail","7":"category-camacari"},"_links":{"self":[{"href":"https:\/\/comandogeraldanoticia.com.br\/index.php\/wp-json\/wp\/v2\/posts\/7595","targetHints":{"allow":["GET"]}}],"collection":[{"href":"https:\/\/comandogeraldanoticia.com.br\/index.php\/wp-json\/wp\/v2\/posts"}],"about":[{"href":"https:\/\/comandogeraldanoticia.com.br\/index.php\/wp-json\/wp\/v2\/types\/post"}],"author":[{"embeddable":true,"href":"https:\/\/comandogeraldanoticia.com.br\/index.php\/wp-json\/wp\/v2\/users\/1"}],"replies":[{"embeddable":true,"href":"https:\/\/comandogeraldanoticia.com.br\/index.php\/wp-json\/wp\/v2\/comments?post=7595"}],"version-history":[{"count":0,"href":"https:\/\/comandogeraldanoticia.com.br\/index.php\/wp-json\/wp\/v2\/posts\/7595\/revisions"}],"wp:featuredmedia":[{"embeddable":true,"href":"https:\/\/comandogeraldanoticia.com.br\/index.php\/wp-json\/wp\/v2\/media\/7596"}],"wp:attachment":[{"href":"https:\/\/comandogeraldanoticia.com.br\/index.php\/wp-json\/wp\/v2\/media?parent=7595"}],"wp:term":[{"taxonomy":"category","embeddable":true,"href":"https:\/\/comandogeraldanoticia.com.br\/index.php\/wp-json\/wp\/v2\/categories?post=7595"},{"taxonomy":"post_tag","embeddable":true,"href":"https:\/\/comandogeraldanoticia.com.br\/index.php\/wp-json\/wp\/v2\/tags?post=7595"}],"curies":[{"name":"wp","href":"https:\/\/api.w.org\/{rel}","templated":true}]}}