{"id":7584,"date":"2022-10-06T17:12:08","date_gmt":"2022-10-06T17:12:08","guid":{"rendered":"https:\/\/comandogeraldanoticia.com.br\/index.php\/2022\/10\/06\/embraer-fecha-acordo-para-venda-de-ate-12-jatos-em-negocio-de-us-9346-milhoes\/"},"modified":"2022-10-06T17:12:08","modified_gmt":"2022-10-06T17:12:08","slug":"embraer-fecha-acordo-para-venda-de-ate-12-jatos-em-negocio-de-us-9346-milhoes","status":"publish","type":"post","link":"https:\/\/comandogeraldanoticia.com.br\/index.php\/2022\/10\/06\/embraer-fecha-acordo-para-venda-de-ate-12-jatos-em-negocio-de-us-9346-milhoes\/","title":{"rendered":"Embraer fecha acordo para venda de at\u00e9 12 jatos em neg\u00f3cio de US$ 934,6 milh\u00f5es"},"content":{"rendered":"<p><img decoding=\"async\" src=\"https:\/\/s2.glbimg.com\/09HZuKk5lnQ5YW7OS2_YTJtDATg=\/i.s3.glbimg.com\/v1\/AUTH_59edd422c0c84a879bd37670ae4f538a\/internal_photos\/bs\/2022\/9\/Z\/XcNFNnQA2Fq79BBf8PZw\/e195-e2-salam-air-01.jpg\"><br \/>   Neg\u00f3cio com a empresa SalamAir, do oriente m\u00e9dio, prev\u00ea a venda de seis aeronaves da fam\u00edlia E195-E2, al\u00e9m de mais seis direitos de compra. Embraer fecha acordo para venda de at\u00e9 12 jatos em neg\u00f3cio de US$ 934,6 milh\u00f5es.<br \/>\nDivulga\u00e7\u00e3o\/Embraer<br \/>\nA Embraer anunciou nesta quinta-feira (6) um acordo com a SalamAir, companhia a\u00e9rea de baixo custo de Om\u00e3, no Oriente M\u00e9dio, para venda de at\u00e9 12 aeronaves em um neg\u00f3cio avaliado em US$ 934,6 milh\u00f5es.<br \/>\nO acordo prev\u00ea a venda de seis aeronaves da fam\u00edlia E2, al\u00e9m de mais seis direitos de compra.<br \/>\nAs entregas ter\u00e3o in\u00edcio no final de 2023 e o neg\u00f3cio permite que a SalamAir adquira aeronaves do modelo E195-E2, aeronaves consideradas silenciosas e que contam com 135 assentos, divididos em duas classes de servi\u00e7o.  .<br \/>\nA SalamAir iniciou suas opera\u00e7\u00f5es comerciais em 2017 em Om\u00e3 e realiza voos dom\u00e9sticos, mas tamb\u00e9m internacionais, com destinos como Dubai, Praga, Doah e Kuwait, por exemplo.<br \/>\nEmbraer fecha acordo para venda de at\u00e9 12 jatos em neg\u00f3cio de US$ 934,6 milh\u00f5es.<br \/>\nDivulga\u00e7\u00e3o\/Embraer<br \/>\nVeja mais not\u00edcias do Vale do Para\u00edba e regi\u00e3o bragantina<\/p>\n","protected":false},"excerpt":{"rendered":"<p>Neg\u00f3cio com a empresa SalamAir, do oriente m\u00e9dio, prev\u00ea a venda de seis aeronaves da fam\u00edlia E195-E2, al\u00e9m de mais seis direitos de compra. Embraer fecha acordo para venda de at\u00e9 12 jatos em neg\u00f3cio de US$ 934,6 milh\u00f5es. Divulga\u00e7\u00e3o\/Embraer A Embraer anunciou nesta quinta-feira (6) um acordo com a SalamAir, companhia a\u00e9rea de baixo<\/p>\n","protected":false},"author":1,"featured_media":7585,"comment_status":"open","ping_status":"open","sticky":false,"template":"","format":"standard","meta":{"om_disable_all_campaigns":false,"_monsterinsights_skip_tracking":false,"_monsterinsights_sitenote_active":false,"_monsterinsights_sitenote_note":"","_monsterinsights_sitenote_category":0,"footnotes":""},"categories":[43],"tags":[],"class_list":{"0":"post-7584","1":"post","2":"type-post","3":"status-publish","4":"format-standard","5":"has-post-thumbnail","7":"category-economia"},"_links":{"self":[{"href":"https:\/\/comandogeraldanoticia.com.br\/index.php\/wp-json\/wp\/v2\/posts\/7584","targetHints":{"allow":["GET"]}}],"collection":[{"href":"https:\/\/comandogeraldanoticia.com.br\/index.php\/wp-json\/wp\/v2\/posts"}],"about":[{"href":"https:\/\/comandogeraldanoticia.com.br\/index.php\/wp-json\/wp\/v2\/types\/post"}],"author":[{"embeddable":true,"href":"https:\/\/comandogeraldanoticia.com.br\/index.php\/wp-json\/wp\/v2\/users\/1"}],"replies":[{"embeddable":true,"href":"https:\/\/comandogeraldanoticia.com.br\/index.php\/wp-json\/wp\/v2\/comments?post=7584"}],"version-history":[{"count":0,"href":"https:\/\/comandogeraldanoticia.com.br\/index.php\/wp-json\/wp\/v2\/posts\/7584\/revisions"}],"wp:featuredmedia":[{"embeddable":true,"href":"https:\/\/comandogeraldanoticia.com.br\/index.php\/wp-json\/wp\/v2\/media\/7585"}],"wp:attachment":[{"href":"https:\/\/comandogeraldanoticia.com.br\/index.php\/wp-json\/wp\/v2\/media?parent=7584"}],"wp:term":[{"taxonomy":"category","embeddable":true,"href":"https:\/\/comandogeraldanoticia.com.br\/index.php\/wp-json\/wp\/v2\/categories?post=7584"},{"taxonomy":"post_tag","embeddable":true,"href":"https:\/\/comandogeraldanoticia.com.br\/index.php\/wp-json\/wp\/v2\/tags?post=7584"}],"curies":[{"name":"wp","href":"https:\/\/api.w.org\/{rel}","templated":true}]}}