{"id":75820,"date":"2026-05-02T02:13:25","date_gmt":"2026-05-02T02:13:25","guid":{"rendered":"https:\/\/comandogeraldanoticia.com.br\/?p=75820"},"modified":"2026-05-02T02:15:31","modified_gmt":"2026-05-02T02:15:31","slug":"cirurgia-no-ombro-de-bolsonaro-ocorreu-sem-intercorrencias-diz-equipe","status":"publish","type":"post","link":"https:\/\/comandogeraldanoticia.com.br\/index.php\/2026\/05\/02\/cirurgia-no-ombro-de-bolsonaro-ocorreu-sem-intercorrencias-diz-equipe\/","title":{"rendered":"Cirurgia no ombro de Bolsonaro ocorreu sem intercorr\u00eancias, diz equipe"},"content":{"rendered":"\n<p>Foto: Divulga\u00e7\u00e3o\/Reprodu\u00e7\u00e3o<\/p>\n\n\n\n<p>Ap\u00f3s passar por uma cirurgia no ombro, o ex-presidente Jair Bolsonaro est\u00e1 em observa\u00e7\u00e3o na unidade de terapia intensiva. Bolsonaro foi internado na manh\u00e3 desta sexta-feira (1\u00ba), no hospital DF Star, em Bras\u00edlia, para realizar o procedimento.<br>No boletim m\u00e9dico divulgado por volta das 14h, a equipe m\u00e9dica informou que Bolsonaro foi submetido a cirurgia de reparo artrosc\u00f3pico do manguito rotador \u00e0 direita. A opera\u00e7\u00e3o ocorreu sem intercorr\u00eancias.<\/p>\n\n\n\n<pre class=\"wp-block-code\"><code>\u201cNo momento, encontra-se internado em unidade de interna\u00e7\u00e3o para controle de dor e observa\u00e7\u00e3o cl\u00ednica\" diz o boletim.<\/code><\/pre>\n\n\n\n<p>A equipe m\u00e9dica que acompanha o ex-presidente \u00e9 formada pelo ortopedista Alexandre Firmino Paniago &#8211; cirurgi\u00e3o de ombro; Claudio Birolini &#8211; cirurgi\u00e3o geral; Leandro Echenique e Brasil Caiado &#8211; cardiologistas e Allisson B. Barcelos Borges &#8211; diretor geral do hospital.<\/p>\n\n\n\n<p>A autoriza\u00e7\u00e3o da cirurgia foi concedida pelo ministro Alexandre de Moraes, do Supremo Tribunal Federal (STF), ap\u00f3s uma manifesta\u00e7\u00e3o favor\u00e1vel do procurador-geral da Rep\u00fablica, Paulo Gonet. Os exames e o relat\u00f3rio fisioterap\u00eautico anexados ao processo indicavam a necessidade da cirurgia para repara\u00e7\u00e3o de les\u00f5es na regi\u00e3o do ombro.<\/p>\n\n\n\n<p>Por decis\u00e3o do ministro, de 24 de mar\u00e7o, Bolsonaro est\u00e1 em pris\u00e3o domiciliar humanit\u00e1ria, ap\u00f3s deixar o mesmo hospital privado da capital federal, onde esteve internado para tratar um quadro de pneumonia bacteriana.<\/p>\n\n\n\n<p>O ex-presidente foi condenado pela Primeira Turma do Supremo Tribunal Federal (STF), em setembro de 2025, a 27 anos e 3 meses de pris\u00e3o na a\u00e7\u00e3o penal da trama golpista.<\/p>\n\n\n\n<p>Fonte: Ag\u00eancia Brasil<\/p>\n","protected":false},"excerpt":{"rendered":"<p>Foto: Divulga\u00e7\u00e3o\/Reprodu\u00e7\u00e3o Ap\u00f3s passar por uma cirurgia no ombro, o ex-presidente Jair Bolsonaro est\u00e1 em observa\u00e7\u00e3o na unidade de terapia intensiva. Bolsonaro foi internado na manh\u00e3 desta sexta-feira (1\u00ba), no hospital DF Star, em Bras\u00edlia, para realizar o procedimento.No boletim m\u00e9dico divulgado por volta das 14h, a equipe m\u00e9dica informou que Bolsonaro foi submetido a<\/p>\n","protected":false},"author":5,"featured_media":75821,"comment_status":"open","ping_status":"open","sticky":false,"template":"","format":"standard","meta":{"om_disable_all_campaigns":false,"_monsterinsights_skip_tracking":false,"_monsterinsights_sitenote_active":false,"_monsterinsights_sitenote_note":"","_monsterinsights_sitenote_category":0,"footnotes":""},"categories":[71],"tags":[],"class_list":{"0":"post-75820","1":"post","2":"type-post","3":"status-publish","4":"format-standard","5":"has-post-thumbnail","7":"category-politica"},"_links":{"self":[{"href":"https:\/\/comandogeraldanoticia.com.br\/index.php\/wp-json\/wp\/v2\/posts\/75820","targetHints":{"allow":["GET"]}}],"collection":[{"href":"https:\/\/comandogeraldanoticia.com.br\/index.php\/wp-json\/wp\/v2\/posts"}],"about":[{"href":"https:\/\/comandogeraldanoticia.com.br\/index.php\/wp-json\/wp\/v2\/types\/post"}],"author":[{"embeddable":true,"href":"https:\/\/comandogeraldanoticia.com.br\/index.php\/wp-json\/wp\/v2\/users\/5"}],"replies":[{"embeddable":true,"href":"https:\/\/comandogeraldanoticia.com.br\/index.php\/wp-json\/wp\/v2\/comments?post=75820"}],"version-history":[{"count":2,"href":"https:\/\/comandogeraldanoticia.com.br\/index.php\/wp-json\/wp\/v2\/posts\/75820\/revisions"}],"predecessor-version":[{"id":75825,"href":"https:\/\/comandogeraldanoticia.com.br\/index.php\/wp-json\/wp\/v2\/posts\/75820\/revisions\/75825"}],"wp:featuredmedia":[{"embeddable":true,"href":"https:\/\/comandogeraldanoticia.com.br\/index.php\/wp-json\/wp\/v2\/media\/75821"}],"wp:attachment":[{"href":"https:\/\/comandogeraldanoticia.com.br\/index.php\/wp-json\/wp\/v2\/media?parent=75820"}],"wp:term":[{"taxonomy":"category","embeddable":true,"href":"https:\/\/comandogeraldanoticia.com.br\/index.php\/wp-json\/wp\/v2\/categories?post=75820"},{"taxonomy":"post_tag","embeddable":true,"href":"https:\/\/comandogeraldanoticia.com.br\/index.php\/wp-json\/wp\/v2\/tags?post=75820"}],"curies":[{"name":"wp","href":"https:\/\/api.w.org\/{rel}","templated":true}]}}