{"id":75811,"date":"2026-05-02T01:58:42","date_gmt":"2026-05-02T01:58:42","guid":{"rendered":"https:\/\/comandogeraldanoticia.com.br\/?p=75811"},"modified":"2026-05-02T01:58:43","modified_gmt":"2026-05-02T01:58:43","slug":"fornecimento-de-agua-sera-interrompido-em-25-cidades-da-bahia","status":"publish","type":"post","link":"https:\/\/comandogeraldanoticia.com.br\/index.php\/2026\/05\/02\/fornecimento-de-agua-sera-interrompido-em-25-cidades-da-bahia\/","title":{"rendered":"Fornecimento de \u00e1gua ser\u00e1 interrompido em 25 cidades da Bahia"},"content":{"rendered":"\n<p><strong>Foto: Samantha Rufino \/ g1 RR<\/strong><\/p>\n\n\n\n<hr class=\"wp-block-separator has-alpha-channel-opacity\"\/>\n\n\n\n<p>O fornecimento de \u00e1gua ser\u00e1 suspenso em 25 munic\u00edpios da Bahia atendidos pelo sistema Sisal\/Pedras Altas, na ter\u00e7a-feira (5). A interrup\u00e7\u00e3o tempor\u00e1ria come\u00e7a a partir das 5h e os servi\u00e7os devem ser conclu\u00eddos no final da tarde do mesmo dia.<\/p>\n\n\n\n<p>Segundo a Empresa Baiana de \u00c1guas e Saneamento (Embasa), a suspens\u00e3o ser\u00e1 feita para possibilitar servi\u00e7os de manuten\u00e7\u00e3o e instala\u00e7\u00e3o de novos equipamentos nos sistema de abastecimento de \u00e1gua.<\/p>\n\n\n\n<p><strong>Confira a lista dos munic\u00edpios afetados:<\/strong><\/p>\n\n\n\n<ul class=\"wp-block-list\">\n<li><a class=\"\" href=\"https:\/\/g1.globo.com\/ba\/bahia\/cidade\/capim-grosso\/\">Capim Grosso<\/a>;<\/li>\n\n\n\n<li>Quixabeira;<\/li>\n\n\n\n<li>S\u00e3o Jos\u00e9 do Jacu\u00edpe;<\/li>\n\n\n\n<li>V\u00e1rzea da Ro\u00e7a;<\/li>\n\n\n\n<li>Mairi;<\/li>\n\n\n\n<li>V\u00e1rzea do Po\u00e7o;<\/li>\n\n\n\n<li>Capela do Alto Alegre;<\/li>\n\n\n\n<li>Pintadas;<\/li>\n\n\n\n<li><a class=\"\" href=\"https:\/\/g1.globo.com\/ba\/feira-de-santana-regiao\/cidade\/riachao-do-jacuipe\/\">Riach\u00e3o do Jacu\u00edpe<\/a>;<\/li>\n\n\n\n<li><a class=\"\" href=\"https:\/\/g1.globo.com\/ba\/feira-de-santana-regiao\/cidade\/valente\/\">Valente<\/a>;<\/li>\n\n\n\n<li><a class=\"\" href=\"https:\/\/g1.globo.com\/ba\/bahia\/cidade\/sao-domingos-ba\/\">S\u00e3o Domingos<\/a>;<\/li>\n\n\n\n<li>Nova F\u00e1tima;<\/li>\n\n\n\n<li>Gavi\u00e3o;<\/li>\n\n\n\n<li>P\u00e9 de Serra;<\/li>\n\n\n\n<li><a class=\"\" href=\"https:\/\/g1.globo.com\/ba\/feira-de-santana-regiao\/cidade\/ichu\/\">Ichu<\/a>;<\/li>\n\n\n\n<li><a class=\"\" href=\"https:\/\/g1.globo.com\/ba\/feira-de-santana-regiao\/cidade\/candeal\/\">Candeal<\/a>.<\/li>\n<\/ul>\n\n\n\n<p><strong>Confira a lista das localidades afetadas em outros munic\u00edpios:<\/strong><\/p>\n\n\n\n<ul class=\"wp-block-list\">\n<li>Junco e Novo Para\u00edso (<a class=\"\" href=\"https:\/\/g1.globo.com\/ba\/bahia\/cidade\/jacobina\/\">Jacobina<\/a>);<\/li>\n\n\n\n<li>Gon\u00e7alo (Ca\u00e9m);<\/li>\n\n\n\n<li>Pereira, Nova Campina, Sisal\u00e2ndia e Barreirinho (Santaluz);<\/li>\n\n\n\n<li>Riacho da On\u00e7a (Queimadas);<\/li>\n\n\n\n<li>Almas, Ipueirinha e S\u00e3o Roque (Concei\u00e7\u00e3o do Coite);<\/li>\n\n\n\n<li>Pe\u00f5es (Retirol\u00e2ndia);<\/li>\n\n\n\n<li>Bonfim de\u00a0<a class=\"\" href=\"https:\/\/g1.globo.com\/ba\/feira-de-santana-regiao\/cidade\/ipira-ba\/\">Ipir\u00e1<\/a>\u00a0e Alto Alegre (Ipir\u00e1);<\/li>\n\n\n\n<li>S\u00e3o Nicolau e Tomba (Santa B\u00e1rbara e Tanquinho).<\/li>\n<\/ul>\n\n\n\n<p>Ap\u00f3s a conclus\u00e3o dos servi\u00e7os, o fornecimento de \u00e1gua ser\u00e1 retomado de forma gradativa, com previs\u00e3o de normaliza\u00e7\u00e3o total em at\u00e9 48 horas.<\/p>\n\n\n\n<p>A Embasa informou ainda que a interrup\u00e7\u00e3o n\u00e3o afetar\u00e1 os im\u00f3veis que contam com reserva adequada para atender as necessidades di\u00e1rias de consumo, mas orienta que os moradores fa\u00e7am o armazenamento pr\u00e9vio e utilizem a \u00e1gua de forma econ\u00f4mica durante o per\u00edodo da suspens\u00e3o.<\/p>\n\n\n\n<p>Fonte: g1<\/p>\n\n\n\n<p><\/p>\n","protected":false},"excerpt":{"rendered":"<p>Foto: Samantha Rufino \/ g1 RR O fornecimento de \u00e1gua ser\u00e1 suspenso em 25 munic\u00edpios da Bahia atendidos pelo sistema Sisal\/Pedras Altas, na ter\u00e7a-feira (5). A interrup\u00e7\u00e3o tempor\u00e1ria come\u00e7a a partir das 5h e os servi\u00e7os devem ser conclu\u00eddos no final da tarde do mesmo dia. Segundo a Empresa Baiana de \u00c1guas e Saneamento (Embasa),<\/p>\n","protected":false},"author":5,"featured_media":75812,"comment_status":"open","ping_status":"open","sticky":false,"template":"","format":"standard","meta":{"om_disable_all_campaigns":false,"_monsterinsights_skip_tracking":false,"_monsterinsights_sitenote_active":false,"_monsterinsights_sitenote_note":"","_monsterinsights_sitenote_category":0,"footnotes":""},"categories":[118],"tags":[],"class_list":{"0":"post-75811","1":"post","2":"type-post","3":"status-publish","4":"format-standard","5":"has-post-thumbnail","7":"category-bahia"},"_links":{"self":[{"href":"https:\/\/comandogeraldanoticia.com.br\/index.php\/wp-json\/wp\/v2\/posts\/75811","targetHints":{"allow":["GET"]}}],"collection":[{"href":"https:\/\/comandogeraldanoticia.com.br\/index.php\/wp-json\/wp\/v2\/posts"}],"about":[{"href":"https:\/\/comandogeraldanoticia.com.br\/index.php\/wp-json\/wp\/v2\/types\/post"}],"author":[{"embeddable":true,"href":"https:\/\/comandogeraldanoticia.com.br\/index.php\/wp-json\/wp\/v2\/users\/5"}],"replies":[{"embeddable":true,"href":"https:\/\/comandogeraldanoticia.com.br\/index.php\/wp-json\/wp\/v2\/comments?post=75811"}],"version-history":[{"count":1,"href":"https:\/\/comandogeraldanoticia.com.br\/index.php\/wp-json\/wp\/v2\/posts\/75811\/revisions"}],"predecessor-version":[{"id":75813,"href":"https:\/\/comandogeraldanoticia.com.br\/index.php\/wp-json\/wp\/v2\/posts\/75811\/revisions\/75813"}],"wp:featuredmedia":[{"embeddable":true,"href":"https:\/\/comandogeraldanoticia.com.br\/index.php\/wp-json\/wp\/v2\/media\/75812"}],"wp:attachment":[{"href":"https:\/\/comandogeraldanoticia.com.br\/index.php\/wp-json\/wp\/v2\/media?parent=75811"}],"wp:term":[{"taxonomy":"category","embeddable":true,"href":"https:\/\/comandogeraldanoticia.com.br\/index.php\/wp-json\/wp\/v2\/categories?post=75811"},{"taxonomy":"post_tag","embeddable":true,"href":"https:\/\/comandogeraldanoticia.com.br\/index.php\/wp-json\/wp\/v2\/tags?post=75811"}],"curies":[{"name":"wp","href":"https:\/\/api.w.org\/{rel}","templated":true}]}}