{"id":75807,"date":"2026-05-02T01:53:47","date_gmt":"2026-05-02T01:53:47","guid":{"rendered":"https:\/\/comandogeraldanoticia.com.br\/?p=75807"},"modified":"2026-05-02T01:54:27","modified_gmt":"2026-05-02T01:54:27","slug":"inscricoes-da-2a-corrida-da-classe-trabalhadora-de-camacari-comecam-neste-sabado","status":"publish","type":"post","link":"https:\/\/comandogeraldanoticia.com.br\/index.php\/2026\/05\/02\/inscricoes-da-2a-corrida-da-classe-trabalhadora-de-camacari-comecam-neste-sabado\/","title":{"rendered":"Inscri\u00e7\u00f5es da 2\u00aa Corrida da Classe Trabalhadora de Cama\u00e7ari come\u00e7am neste s\u00e1bado"},"content":{"rendered":"\n<p>Com o objetivo de incentivar a pr\u00e1tica de atividades f\u00edsicas e homenagear os trabalhadores, a Prefeitura de Cama\u00e7ari realiza a 2\u00aa Corrida da Classe Trabalhadora. Este ano, a iniciativa, organizada pela Secretaria de Esporte, Lazer e Juventude (Sejuv), acontecer\u00e1 no dia 16 de maio, com concentra\u00e7\u00e3o a partir das 18h, na Avenida Jorge Amado, em frente ao Centro Universit\u00e1rio Famec (Unifamec).<\/p>\n\n\n\n<p>As inscri\u00e7\u00f5es podem ser feitas a partir deste s\u00e1bado (2) at\u00e9 o dia 4 de maio, pr\u00f3xima segunda-feira, ou at\u00e9 o limite de 2.000 vagas. O procedimento \u00e9 on-line, por meio da plataforma Sympla [<a href=\"https:\/\/www.sympla.com.br\/evento\/2-corrida-da-classe-trabalhadora-de-camacari\/3405954\" target=\"_blank\" rel=\"noreferrer noopener\">https:\/\/www.sympla.com.br\/evento\/2-corrida-da-classe-trabalhadora-de-camacari\/3405954<\/a>]. Para participar, \u00e9 necess\u00e1rio, ainda, a doa\u00e7\u00e3o de 2 kg de alimento n\u00e3o perec\u00edvel e ter idade m\u00ednima de 16 anos \u2013 os menores de idade dever\u00e3o estar acompanhados por respons\u00e1veis legais.<\/p>\n\n\n\n<p>O percurso ter\u00e1 5 km, com largada e chegada na Avenida Jorge Amado, passando pelo Assa\u00ed Atacadista, Reserva Camassarys, Avenida das Palmeiras e retorno pela avenida. Durante o percurso, os corredores contar\u00e3o com tr\u00eas pontos de hidrata\u00e7\u00e3o.<\/p>\n\n\n\n<p>A corrida \u00e9 dividida por categorias, tanto no masculino quanto no feminino: classifica\u00e7\u00e3o geral; sindicato; faixa et\u00e1ria \u2014 de 16 a 19 anos, de 20 a 29 anos, de 30 a 39 anos, de 40 a 49, de 50 a 59 anos e de 60 anos ou mais \u2014; e pessoas com defici\u00eancia (PcD), andantes e cadeirantes. Ser\u00e3o entregues trof\u00e9us para os tr\u00eas primeiros colocados de cada categoria e medalha para todos os participantes que conclu\u00edrem a prova.<\/p>\n\n\n\n<p>A entrega dos kits ser\u00e1 no Horto Florestal de Cama\u00e7ari, no dia 14 de maio, das 9h \u00e0s 17h. A retirada ser\u00e1 mediante a apresenta\u00e7\u00e3o de documento oficial com foto, comprovante de inscri\u00e7\u00e3o e entrega dos 2 kg de alimento n\u00e3o perec\u00edvel, com validade m\u00ednima de 90 dias e em bom estado. A retirada por terceiros s\u00f3 ser\u00e1 permitida mediante c\u00f3pia do documento oficial com foto do atleta inscrito e entrega da contrapartida solid\u00e1ria.<\/p>\n\n\n\n<p>O kit ser\u00e1 composto por camiseta oficial do evento, que tem uso obrigat\u00f3rio durante a prova e premia\u00e7\u00e3o; n\u00famero de peito; chip descart\u00e1vel de cronometragem; neobag; medalha e kit lanche, que ser\u00e3o entregues ap\u00f3s a prova. O regulamento oficial completo pode ser conferido por meio do link [<a href=\"https:\/\/drive.google.com\/file\/d\/1C_aje8a9cYJNI-CO3Vyw7EhUaSBap7LB\/view\" target=\"_blank\" rel=\"noreferrer noopener\">https:\/\/drive.google.com\/file\/d\/1C_aje8a9cYJNI-CO3Vyw7EhUaSBap7LB\/view<\/a>].<\/p>\n\n\n\n<p>Foto: Patrick Abreu<\/p>\n","protected":false},"excerpt":{"rendered":"<p>Com o objetivo de incentivar a pr\u00e1tica de atividades f\u00edsicas e homenagear os trabalhadores, a Prefeitura de Cama\u00e7ari realiza a 2\u00aa Corrida da Classe Trabalhadora. Este ano, a iniciativa, organizada pela Secretaria de Esporte, Lazer e Juventude (Sejuv), acontecer\u00e1 no dia 16 de maio, com concentra\u00e7\u00e3o a partir das 18h, na Avenida Jorge Amado, em<\/p>\n","protected":false},"author":5,"featured_media":75808,"comment_status":"open","ping_status":"open","sticky":false,"template":"","format":"standard","meta":{"om_disable_all_campaigns":false,"_monsterinsights_skip_tracking":false,"_monsterinsights_sitenote_active":false,"_monsterinsights_sitenote_note":"","_monsterinsights_sitenote_category":0,"footnotes":""},"categories":[40],"tags":[],"class_list":{"0":"post-75807","1":"post","2":"type-post","3":"status-publish","4":"format-standard","5":"has-post-thumbnail","7":"category-camacari"},"_links":{"self":[{"href":"https:\/\/comandogeraldanoticia.com.br\/index.php\/wp-json\/wp\/v2\/posts\/75807","targetHints":{"allow":["GET"]}}],"collection":[{"href":"https:\/\/comandogeraldanoticia.com.br\/index.php\/wp-json\/wp\/v2\/posts"}],"about":[{"href":"https:\/\/comandogeraldanoticia.com.br\/index.php\/wp-json\/wp\/v2\/types\/post"}],"author":[{"embeddable":true,"href":"https:\/\/comandogeraldanoticia.com.br\/index.php\/wp-json\/wp\/v2\/users\/5"}],"replies":[{"embeddable":true,"href":"https:\/\/comandogeraldanoticia.com.br\/index.php\/wp-json\/wp\/v2\/comments?post=75807"}],"version-history":[{"count":1,"href":"https:\/\/comandogeraldanoticia.com.br\/index.php\/wp-json\/wp\/v2\/posts\/75807\/revisions"}],"predecessor-version":[{"id":75809,"href":"https:\/\/comandogeraldanoticia.com.br\/index.php\/wp-json\/wp\/v2\/posts\/75807\/revisions\/75809"}],"wp:featuredmedia":[{"embeddable":true,"href":"https:\/\/comandogeraldanoticia.com.br\/index.php\/wp-json\/wp\/v2\/media\/75808"}],"wp:attachment":[{"href":"https:\/\/comandogeraldanoticia.com.br\/index.php\/wp-json\/wp\/v2\/media?parent=75807"}],"wp:term":[{"taxonomy":"category","embeddable":true,"href":"https:\/\/comandogeraldanoticia.com.br\/index.php\/wp-json\/wp\/v2\/categories?post=75807"},{"taxonomy":"post_tag","embeddable":true,"href":"https:\/\/comandogeraldanoticia.com.br\/index.php\/wp-json\/wp\/v2\/tags?post=75807"}],"curies":[{"name":"wp","href":"https:\/\/api.w.org\/{rel}","templated":true}]}}