{"id":75800,"date":"2026-05-01T20:18:40","date_gmt":"2026-05-01T20:18:40","guid":{"rendered":"https:\/\/comandogeraldanoticia.com.br\/?p=75800"},"modified":"2026-05-01T20:18:41","modified_gmt":"2026-05-01T20:18:41","slug":"governo-melhora-condicoes-e-dobra-credito-para-compra-de-caminhoes","status":"publish","type":"post","link":"https:\/\/comandogeraldanoticia.com.br\/index.php\/2026\/05\/01\/governo-melhora-condicoes-e-dobra-credito-para-compra-de-caminhoes\/","title":{"rendered":"Governo melhora condi\u00e7\u00f5es e dobra cr\u00e9dito para compra de caminh\u00f5es"},"content":{"rendered":"\n<p>Foto: Divulga\u00e7\u00e3o<\/p>\n\n\n\n<p>O governo federal lan\u00e7ou nesta quinta-feira (30) uma segunda etapa do programa Move Brasil, que financia a renova\u00e7\u00e3o da frota de caminh\u00f5es em condi\u00e7\u00f5es favor\u00e1veis para empresas de transporte rodovi\u00e1rio de carga, cooperativas e caminhoneiros aut\u00f4nomos.<\/p>\n\n\n\n<p>O valor total disponibilizado chega a R$ 21,2 bilh\u00f5es, mais que o dobro dos R$ 10 bilh\u00f5es da primeira fase do programa, lan\u00e7ado no fim do ano passado, que foram totalmente consumidos com mais de mil contratos de financiamento em poucos mais de tr\u00eas meses.<\/p>\n\n\n\n<p>A nova fase passa a incluir tamb\u00e9m o financiamento de \u00f4nibus, micro-\u00f4nibus e implementos rodovi\u00e1rios, como reboques e carrocerias. Do valor de R$ 21,2 bilh\u00f5es, ser\u00e3o R$ 6,7 bilh\u00f5es aportados diretamente pelo Banco Nacional de Desenvolvimento Econ\u00f4mico e Social (BNDES) e R$ 14,5 bilh\u00f5es oriundos do Tesouro Nacional.<\/p>\n\n\n\n<p>O BNDES ser\u00e1 o operador do programa, que ser\u00e1 oferecido em parceria com outras institui\u00e7\u00f5es financeiras. O valor m\u00e1ximo financi\u00e1vel por benefici\u00e1rio continua sendo de R$ 50 milh\u00f5es.<br><\/p>\n\n\n\n<p>&#8220;N\u00f3s resolvemos melhorar as condi\u00e7\u00f5es, aumentar os prazos de car\u00eancia, a quantidade de anos para voc\u00eas poderem pagar e diminuir a taxa de juros, que ainda \u00e9 alta&#8221;, disse o presidente Luiz In\u00e1cio Lula da Silva, em cerim\u00f4nia de assinatura de duas Medidas Provis\u00f3rias (MPs) que viabilizam o novo Move Brasil.<\/p>\n\n\n\n<p>Lula pediu celeridade no ritmo de libera\u00e7\u00e3o de cr\u00e9dito para os caminhoneiros aut\u00f4nomos pelos bancos p\u00fablicos (Banco do Brasil, Caixa Econ\u00f4mica Federal e o BNDES). Segundo Lula, de R$ 1 bilh\u00e3o disponibilizado inicialmente, apenas R$ 200 milh\u00f5es haviam sido liberados, devido \u00e0 prefer\u00eancia dos bancos por grandes empresas transportadoras.<\/p>\n\n\n\n<p>&#8220;Para o gerente de um banco, \u00e9 muito melhor receber um cliente s\u00f3 para pedir R$ 2 bilh\u00f5es, do que receber 1 mil clientes para pegar R$ 2 mil, cada um. Eu quero pedir aos bancos p\u00fablicos: vamos ver se a gente consegue dar um exemplo de que, uma vez na vida, os mais pobres s\u00e3o tratados como os mais ricos\u201d, cobrou Lula.<\/p>\n\n\n\n<p>O presidente destacou especificamente as condi\u00e7\u00f5es especiais destinadas aos caminhoneiros aut\u00f4nomos, que agora poder\u00e3o parcelar o financiamento em at\u00e9 10 anos (120 vezes), com car\u00eancia de 12 meses. At\u00e9 ent\u00e3o, a car\u00eancia era de seis meses e o prazo m\u00e1ximo de pagamento era de cinco anos.<br><\/p>\n\n\n\n<p>Os aut\u00f4nomos contar\u00e3o com R$ 2 bilh\u00f5es na nova fase do programa. A taxa de juros, segundo o ministro da Fazenda, Dario Durigan, foi reduzida para 11,3%. Antes, eram superiores a 14%.<\/p>\n\n\n\n<p>Ele disse esperar que os fabricantes de \u00f4nibus e caminh\u00f5es consigam reduzir os pre\u00e7os dos ve\u00edculos e assegurar empregos na ind\u00fastria, como contrapartidas.<\/p>\n\n\n\n<p>&#8220;\u00c9 fundamental que a gente veja as contrapartidas, a redu\u00e7\u00e3o no valor dos caminh\u00f5es, o emprego garantido dos trabalhadores. Na minha analogia do corpo humano, o corpo da economia do pa\u00eds fica saud\u00e1vel em todos os sentidos&#8221;, disse.<\/p>\n\n\n\n<p>Fonte Ag\u00eancia Brasil<\/p>\n","protected":false},"excerpt":{"rendered":"<p>Foto: Divulga\u00e7\u00e3o O governo federal lan\u00e7ou nesta quinta-feira (30) uma segunda etapa do programa Move Brasil, que financia a renova\u00e7\u00e3o da frota de caminh\u00f5es em condi\u00e7\u00f5es favor\u00e1veis para empresas de transporte rodovi\u00e1rio de carga, cooperativas e caminhoneiros aut\u00f4nomos. O valor total disponibilizado chega a R$ 21,2 bilh\u00f5es, mais que o dobro dos R$ 10 bilh\u00f5es<\/p>\n","protected":false},"author":5,"featured_media":75801,"comment_status":"open","ping_status":"open","sticky":false,"template":"","format":"standard","meta":{"om_disable_all_campaigns":false,"_monsterinsights_skip_tracking":false,"_monsterinsights_sitenote_active":false,"_monsterinsights_sitenote_note":"","_monsterinsights_sitenote_category":0,"footnotes":""},"categories":[39],"tags":[],"class_list":{"0":"post-75800","1":"post","2":"type-post","3":"status-publish","4":"format-standard","5":"has-post-thumbnail","7":"category-brasil"},"_links":{"self":[{"href":"https:\/\/comandogeraldanoticia.com.br\/index.php\/wp-json\/wp\/v2\/posts\/75800","targetHints":{"allow":["GET"]}}],"collection":[{"href":"https:\/\/comandogeraldanoticia.com.br\/index.php\/wp-json\/wp\/v2\/posts"}],"about":[{"href":"https:\/\/comandogeraldanoticia.com.br\/index.php\/wp-json\/wp\/v2\/types\/post"}],"author":[{"embeddable":true,"href":"https:\/\/comandogeraldanoticia.com.br\/index.php\/wp-json\/wp\/v2\/users\/5"}],"replies":[{"embeddable":true,"href":"https:\/\/comandogeraldanoticia.com.br\/index.php\/wp-json\/wp\/v2\/comments?post=75800"}],"version-history":[{"count":1,"href":"https:\/\/comandogeraldanoticia.com.br\/index.php\/wp-json\/wp\/v2\/posts\/75800\/revisions"}],"predecessor-version":[{"id":75802,"href":"https:\/\/comandogeraldanoticia.com.br\/index.php\/wp-json\/wp\/v2\/posts\/75800\/revisions\/75802"}],"wp:featuredmedia":[{"embeddable":true,"href":"https:\/\/comandogeraldanoticia.com.br\/index.php\/wp-json\/wp\/v2\/media\/75801"}],"wp:attachment":[{"href":"https:\/\/comandogeraldanoticia.com.br\/index.php\/wp-json\/wp\/v2\/media?parent=75800"}],"wp:term":[{"taxonomy":"category","embeddable":true,"href":"https:\/\/comandogeraldanoticia.com.br\/index.php\/wp-json\/wp\/v2\/categories?post=75800"},{"taxonomy":"post_tag","embeddable":true,"href":"https:\/\/comandogeraldanoticia.com.br\/index.php\/wp-json\/wp\/v2\/tags?post=75800"}],"curies":[{"name":"wp","href":"https:\/\/api.w.org\/{rel}","templated":true}]}}