{"id":75794,"date":"2026-05-01T01:58:41","date_gmt":"2026-05-01T01:58:41","guid":{"rendered":"https:\/\/comandogeraldanoticia.com.br\/?p=75794"},"modified":"2026-05-01T01:58:42","modified_gmt":"2026-05-01T01:58:42","slug":"organizacoes-sociais-criticam-derrubada-de-veto-ao-pl-da-dosimetria","status":"publish","type":"post","link":"https:\/\/comandogeraldanoticia.com.br\/index.php\/2026\/05\/01\/organizacoes-sociais-criticam-derrubada-de-veto-ao-pl-da-dosimetria\/","title":{"rendered":"Organiza\u00e7\u00f5es sociais criticam derrubada de veto ao PL da Dosimetria"},"content":{"rendered":"\n<p>Foto:  Marcelo Camargo\/Ag\u00eancia Brasil<\/p>\n\n\n\n<p><strong>Organiza\u00e7\u00f5es da sociedade civil manifestaram rep\u00fadio \u00e0 derrubada de veto do presidente Luiz In\u00e1cio Lula da Silva ao projeto de lei (PL) da Dosimetria, que reduz a pena dos condenados por tentativa de golpe de Estado ligados ao 8 de janeiro de 2023. <\/strong>O veto <a href=\"https:\/\/agenciabrasil.ebc.com.br\/politica\/noticia\/2026-04\/81-congresso-derruba-veto-ao-pl-da-dosimetria-e-beneficia-condenados\">foi derrubado nesta quinta-feira <\/a>(30) pelo Congresso Nacional.&nbsp;<img decoding=\"async\" src=\"https:\/\/agenciabrasil.ebc.com.br\/ebc.png?id=1688029&amp;o=node\"><img decoding=\"async\" src=\"https:\/\/agenciabrasil.ebc.com.br\/ebc.gif?id=1688029&amp;o=node\"><\/p>\n\n\n\n<p><strong>Para as entidades, a medida representa um &#8220;grave e hist\u00f3rico retrocesso institucional&#8221;, naturaliza a viol\u00eancia e \u00e9 um risco de impunidade em caso de repeti\u00e7\u00e3o de ataques golpistas no futuro.<\/strong><\/p>\n\n\n\n<p>A nota da coaliz\u00e3o Pacto pela Democracia \u00e9 assinada por mais de 20 organiza\u00e7\u00f5es, aponta que a derrubada do veto pode ser vista como uma forma de relativizar ataques frontais ao regime democr\u00e1tico e substituir a soberania popular por projetos autorit\u00e1rios.<\/p>\n\n\n\n<p>Segundo a nota, a derrubada fragiliza \u201co caminho que vinha sendo constru\u00eddo para a devida responsabiliza\u00e7\u00e3o daqueles que atentaram contra a ordem constitucional democr\u00e1tica no pa\u00eds, no contexto da tentativa de golpe de Estado ap\u00f3s as \u00faltimas elei\u00e7\u00f5es presidenciais.\u201d<\/p>\n\n\n\n<p>O texto, assinado por organiza\u00e7\u00f5es como o Instituto Vladimir Herzog, Instituto Marielle Franco e a Transpar\u00eancia Eleitoral Brasil, destaca ainda que a medida n\u00e3o promove pacifica\u00e7\u00e3o e que setores do parlamento que votaram pela derrubada do veto abdicam do papel de guardi\u00f5es constitucionais, nem atuam no sentido de&nbsp; \u201ccorrigir excessos\u201d.<\/p>\n\n\n\n<blockquote class=\"wp-block-quote is-layout-flow wp-block-quote-is-layout-flow\">\n<p>\u201cNa pr\u00e1tica, trata-se de um movimento que, al\u00e9m de n\u00e3o contar com respaldo popular nem s\u00f3lido fundamento constitucional, reabre espa\u00e7o para a naturaliza\u00e7\u00e3o da viol\u00eancia pol\u00edtica contra a democracia e enfraquece a constru\u00e7\u00e3o da mem\u00f3ria coletiva sobre um dos epis\u00f3dios mais graves da hist\u00f3ria republicana recente\u201d, diz o documento.<\/p>\n<\/blockquote>\n\n\n\n<p><strong>As organiza\u00e7\u00f5es alertam ainda que reduzir a gravidade desses fatos por meio da revis\u00e3o de penas significa reescrever a hist\u00f3ria em favor da impunidade.<\/strong> O documento diz que o debate sobre a flexibiliza\u00e7\u00e3o de penas exige cautela e reflex\u00e3o respons\u00e1veis, principalmente por seus poss\u00edveis efeitos em outros \u00e2mbitos do sistema penal.<\/p>\n\n\n\n<p>\u201cNo 8 de janeiro, o povo brasileiro assistiu, at\u00f4nito, ao vandalismo e ao \u00f3dio dirigidos \u00e0s sedes dos Tr\u00eas Poderes por aqueles que buscavam desacreditar o resultado das elei\u00e7\u00f5es e substituir a soberania popular por um projeto autorit\u00e1rio; a perplexidade coletiva n\u00e3o foi apenas rea\u00e7\u00e3o \u00e0 viol\u00eancia, mas o reconhecimento imediato de um ataque frontal ao regime democr\u00e1tico&#8221;, diz a nota.<\/p>\n\n\n\n<blockquote class=\"wp-block-quote is-layout-flow wp-block-quote-is-layout-flow\">\n<p>&#8220;Ficou evidente que n\u00e3o se tratava de mero vandalismo, mas da express\u00e3o organizada de uma trama que visava deslegitimar o processo eleitoral e instaurar, pela for\u00e7a e pelo caos, uma ruptura institucional\u201d, diz o documento.<\/p>\n<\/blockquote>\n\n\n\n<p>O texto afirma ainda que a derrubada do veto ao PL abre brechas concretas para a repeti\u00e7\u00e3o desses ataques no futuro.<\/p>\n\n\n\n<p>\u201cA democracia n\u00e3o se sustenta apenas por elei\u00e7\u00f5es peri\u00f3dicas, mas pela capacidade de reconhecer seus traumas, responsabilizar seus agressores e impedir que a viol\u00eancia golpista seja incorporada \u00e0 normalidade institucional. A derrubada deste veto caminha no sentido da normaliza\u00e7\u00e3o da viol\u00eancia\u201d, diz a nota.<\/p>\n","protected":false},"excerpt":{"rendered":"<p>Foto: Marcelo Camargo\/Ag\u00eancia Brasil Organiza\u00e7\u00f5es da sociedade civil manifestaram rep\u00fadio \u00e0 derrubada de veto do presidente Luiz In\u00e1cio Lula da Silva ao projeto de lei (PL) da Dosimetria, que reduz a pena dos condenados por tentativa de golpe de Estado ligados ao 8 de janeiro de 2023. O veto foi derrubado nesta quinta-feira (30) pelo<\/p>\n","protected":false},"author":5,"featured_media":75795,"comment_status":"open","ping_status":"open","sticky":false,"template":"","format":"standard","meta":{"om_disable_all_campaigns":false,"_monsterinsights_skip_tracking":false,"_monsterinsights_sitenote_active":false,"_monsterinsights_sitenote_note":"","_monsterinsights_sitenote_category":0,"footnotes":""},"categories":[71],"tags":[],"class_list":{"0":"post-75794","1":"post","2":"type-post","3":"status-publish","4":"format-standard","5":"has-post-thumbnail","7":"category-politica"},"_links":{"self":[{"href":"https:\/\/comandogeraldanoticia.com.br\/index.php\/wp-json\/wp\/v2\/posts\/75794","targetHints":{"allow":["GET"]}}],"collection":[{"href":"https:\/\/comandogeraldanoticia.com.br\/index.php\/wp-json\/wp\/v2\/posts"}],"about":[{"href":"https:\/\/comandogeraldanoticia.com.br\/index.php\/wp-json\/wp\/v2\/types\/post"}],"author":[{"embeddable":true,"href":"https:\/\/comandogeraldanoticia.com.br\/index.php\/wp-json\/wp\/v2\/users\/5"}],"replies":[{"embeddable":true,"href":"https:\/\/comandogeraldanoticia.com.br\/index.php\/wp-json\/wp\/v2\/comments?post=75794"}],"version-history":[{"count":1,"href":"https:\/\/comandogeraldanoticia.com.br\/index.php\/wp-json\/wp\/v2\/posts\/75794\/revisions"}],"predecessor-version":[{"id":75796,"href":"https:\/\/comandogeraldanoticia.com.br\/index.php\/wp-json\/wp\/v2\/posts\/75794\/revisions\/75796"}],"wp:featuredmedia":[{"embeddable":true,"href":"https:\/\/comandogeraldanoticia.com.br\/index.php\/wp-json\/wp\/v2\/media\/75795"}],"wp:attachment":[{"href":"https:\/\/comandogeraldanoticia.com.br\/index.php\/wp-json\/wp\/v2\/media?parent=75794"}],"wp:term":[{"taxonomy":"category","embeddable":true,"href":"https:\/\/comandogeraldanoticia.com.br\/index.php\/wp-json\/wp\/v2\/categories?post=75794"},{"taxonomy":"post_tag","embeddable":true,"href":"https:\/\/comandogeraldanoticia.com.br\/index.php\/wp-json\/wp\/v2\/tags?post=75794"}],"curies":[{"name":"wp","href":"https:\/\/api.w.org\/{rel}","templated":true}]}}