{"id":75785,"date":"2026-05-01T01:35:44","date_gmt":"2026-05-01T01:35:44","guid":{"rendered":"https:\/\/comandogeraldanoticia.com.br\/?p=75785"},"modified":"2026-05-01T01:53:18","modified_gmt":"2026-05-01T01:53:18","slug":"nos-dias-29-e-30-de-abril-a-secretaria-da-saude-do-estado-da-bahia-sesab-recebeu-a-visita-tecnica-de-representante-do-ministerio-da-saude-como-parte-do-processo-de-implantacao-do-centro-de-informac","status":"publish","type":"post","link":"https:\/\/comandogeraldanoticia.com.br\/index.php\/2026\/05\/01\/nos-dias-29-e-30-de-abril-a-secretaria-da-saude-do-estado-da-bahia-sesab-recebeu-a-visita-tecnica-de-representante-do-ministerio-da-saude-como-parte-do-processo-de-implantacao-do-centro-de-informac\/","title":{"rendered":"Nos dias 29 e 30 de abril, a Secretaria da Sa\u00fade do Estado da Bahia (Sesab) recebeu a visita t\u00e9cnica de representante do Minist\u00e9rio da Sa\u00fade como parte do processo de implanta\u00e7\u00e3o do Centro de Informa\u00e7\u00e3o em Sa\u00fade e Clima (CISC) no estado."},"content":{"rendered":"\n<p>A iniciativa integra um projeto estrat\u00e9gico nacional, e a Bahia foi selecionada para compor o grupo inicial, que participar\u00e1 dessa implementa\u00e7\u00e3o, em reconhecimento ao compromisso da gest\u00e3o estadual com o fortalecimento do Sistema \u00danico de Sa\u00fade (SUS), a inova\u00e7\u00e3o na gest\u00e3o p\u00fablica e a constru\u00e7\u00e3o de respostas efetivas frente aos desafios contempor\u00e2neos.<\/p>\n\n\n\n<p>Os Centros de Informa\u00e7\u00e3o em Sa\u00fade e Clima representam uma abordagem inovadora para o enfrentamento dos impactos das mudan\u00e7as clim\u00e1ticas na sa\u00fade da popula\u00e7\u00e3o. A proposta \u00e9 fortalecer a capacidade de antecipa\u00e7\u00e3o de riscos, o monitoramento de eventos clim\u00e1ticos extremos e a organiza\u00e7\u00e3o de respostas r\u00e1pidas, integradas e baseadas em evid\u00eancias.<\/p>\n\n\n\n<p>Durante a visita, foram realizadas reuni\u00f5es t\u00e9cnicas e institucionais na sede da Vigil\u00e2ncia em Sa\u00fade, em Salvador, com a participa\u00e7\u00e3o de \u00e1reas estrat\u00e9gicas, incluindo o N\u00facleo de Intelig\u00eancia em Vigil\u00e2ncia em Sa\u00fade, a vigil\u00e2ncia epidemiol\u00f3gica, ambiental, de emerg\u00eancias em sa\u00fade p\u00fablica e a Coordena\u00e7\u00e3o Geral de Tecnologia da Informa\u00e7\u00e3o e Comunica\u00e7\u00e3o na Sa\u00fade. A agenda tamb\u00e9m contemplou discuss\u00f5es sobre integra\u00e7\u00e3o intersetorial e alinhamento das etapas para estrutura\u00e7\u00e3o do Centro no estado.<\/p>\n\n\n\n<p>A escolha da Bahia considera sua relev\u00e2ncia estrat\u00e9gica no cen\u00e1rio nacional, marcada por ampla diversidade territorial e clim\u00e1tica, al\u00e9m de desafios relacionados a eventos hidrometeorol\u00f3gicos extremos, como secas prolongadas no semi\u00e1rido e chuvas intensas em \u00e1reas urbanas e costeiras, com impactos diretos sobre popula\u00e7\u00f5es em situa\u00e7\u00e3o de maior vulnerabilidade.<\/p>\n\n\n\n<p>O Minist\u00e9rio da Sa\u00fade atuar\u00e1 em parceria com o estado, oferecendo suporte t\u00e9cnico e apoio direto para a implanta\u00e7\u00e3o do CISC, incluindo investimentos em tecnologia da informa\u00e7\u00e3o e recursos humanos.<\/p>\n\n\n\n<p>A implanta\u00e7\u00e3o do Centro de Informa\u00e7\u00e3o em Sa\u00fade e Clima representa um passo importante para o fortalecimento de um SUS mais preparado, resiliente e capaz de proteger a sa\u00fade da popula\u00e7\u00e3o baiana diante dos desafios impostos pelas mudan\u00e7as clim\u00e1ticas.<\/p>\n\n\n\n<p>Foto: Divulga\u00e7\u00e3o\/Sa\u00fade GovBA<\/p>\n","protected":false},"excerpt":{"rendered":"<p>A iniciativa integra um projeto estrat\u00e9gico nacional, e a Bahia foi selecionada para compor o grupo inicial, que participar\u00e1 dessa implementa\u00e7\u00e3o, em reconhecimento ao compromisso da gest\u00e3o estadual com o fortalecimento do Sistema \u00danico de Sa\u00fade (SUS), a inova\u00e7\u00e3o na gest\u00e3o p\u00fablica e a constru\u00e7\u00e3o de respostas efetivas frente aos desafios contempor\u00e2neos. Os Centros de<\/p>\n","protected":false},"author":5,"featured_media":75786,"comment_status":"open","ping_status":"open","sticky":false,"template":"","format":"standard","meta":{"om_disable_all_campaigns":false,"_monsterinsights_skip_tracking":false,"_monsterinsights_sitenote_active":false,"_monsterinsights_sitenote_note":"","_monsterinsights_sitenote_category":0,"footnotes":""},"categories":[118],"tags":[],"class_list":{"0":"post-75785","1":"post","2":"type-post","3":"status-publish","4":"format-standard","5":"has-post-thumbnail","7":"category-bahia"},"_links":{"self":[{"href":"https:\/\/comandogeraldanoticia.com.br\/index.php\/wp-json\/wp\/v2\/posts\/75785","targetHints":{"allow":["GET"]}}],"collection":[{"href":"https:\/\/comandogeraldanoticia.com.br\/index.php\/wp-json\/wp\/v2\/posts"}],"about":[{"href":"https:\/\/comandogeraldanoticia.com.br\/index.php\/wp-json\/wp\/v2\/types\/post"}],"author":[{"embeddable":true,"href":"https:\/\/comandogeraldanoticia.com.br\/index.php\/wp-json\/wp\/v2\/users\/5"}],"replies":[{"embeddable":true,"href":"https:\/\/comandogeraldanoticia.com.br\/index.php\/wp-json\/wp\/v2\/comments?post=75785"}],"version-history":[{"count":2,"href":"https:\/\/comandogeraldanoticia.com.br\/index.php\/wp-json\/wp\/v2\/posts\/75785\/revisions"}],"predecessor-version":[{"id":75789,"href":"https:\/\/comandogeraldanoticia.com.br\/index.php\/wp-json\/wp\/v2\/posts\/75785\/revisions\/75789"}],"wp:featuredmedia":[{"embeddable":true,"href":"https:\/\/comandogeraldanoticia.com.br\/index.php\/wp-json\/wp\/v2\/media\/75786"}],"wp:attachment":[{"href":"https:\/\/comandogeraldanoticia.com.br\/index.php\/wp-json\/wp\/v2\/media?parent=75785"}],"wp:term":[{"taxonomy":"category","embeddable":true,"href":"https:\/\/comandogeraldanoticia.com.br\/index.php\/wp-json\/wp\/v2\/categories?post=75785"},{"taxonomy":"post_tag","embeddable":true,"href":"https:\/\/comandogeraldanoticia.com.br\/index.php\/wp-json\/wp\/v2\/tags?post=75785"}],"curies":[{"name":"wp","href":"https:\/\/api.w.org\/{rel}","templated":true}]}}