{"id":75781,"date":"2026-05-01T01:32:25","date_gmt":"2026-05-01T01:32:25","guid":{"rendered":"https:\/\/comandogeraldanoticia.com.br\/?p=75781"},"modified":"2026-05-01T01:32:26","modified_gmt":"2026-05-01T01:32:26","slug":"utopia-festival-de-teatro-reune-programacao-variada-no-tcs","status":"publish","type":"post","link":"https:\/\/comandogeraldanoticia.com.br\/index.php\/2026\/05\/01\/utopia-festival-de-teatro-reune-programacao-variada-no-tcs\/","title":{"rendered":"Utopia Festival de Teatro re\u00fane programa\u00e7\u00e3o variada no TCS"},"content":{"rendered":"\n<p>Cama\u00e7ari ser\u00e1 palco para a IX edi\u00e7\u00e3o do Utopia Festival de Teatro \u2013 Arte de Ser e Resistir, que promove, entre os dias 8 e 10 de maio, no Teatro Cidade do Saber (TCS), programa\u00e7\u00e3o diversificada, reunindo quatro espet\u00e1culos, al\u00e9m de oficina cultural e palestra.<\/p>\n\n\n\n<p>A agenda ser\u00e1 aberta no dia 8, com atividades formativas em duas turmas, \u00e0s 9h e \u00e0s 13h30, ambas abertas ao p\u00fablico e sem necessidade de inscri\u00e7\u00e3o. A oficina de teatro, com o tema \u2018Um passo. Uma cena. Um ritmo!\u2019, ser\u00e1 ministrada pelo professor Ney dos Santos, licenciado pela Escola de Teatro da Universidade Federal da Bahia (Ufba), que \u00e9 ator, produtor cultural, m\u00fasico, compositor e dan\u00e7arino com pr\u00e1tica em dan\u00e7a afro-brasileira e Manifesta\u00e7\u00e3o Popular Quadrilha Junina.<\/p>\n\n\n\n<p>A proposta da oficina \u00e9 apresentar no\u00e7\u00f5es b\u00e1sicas para a inicia\u00e7\u00e3o teatral a partir da musicalidade, pr\u00e1ticas corporais e r\u00edtmicas para a constru\u00e7\u00e3o de personagens e cenas, e o olhar para o corpo e para o ritmo do mundo.<\/p>\n\n\n\n<p>J\u00e1 a palestra, ministrada pelo professor J\u00e2nio Roque, ter\u00e1 com tema \u2018O Rec\u00f4ncavo baiano na atualidade: abordagem multidimensional\u2019. A explana\u00e7\u00e3o tratar\u00e1 sobre dimens\u00f5es materiais e imateriais da cultura no contexto regional; quest\u00f5es culturais, \u00e9tnicas e art\u00edsticas na gest\u00e3o e no planejamento territorial; diversidades\/territorialidades de manifesta\u00e7\u00f5es culturais no Rec\u00f4ncavo contempor\u00e2neo; quest\u00f5es identit\u00e1rias em uma perspectiva territorial; e abordagens no\/do espa\u00e7o urbano considerando-se o pluralismo cultural e a diversidade territorial, sob uma \u00f3tica multiescalar.<\/p>\n\n\n\n<p>Ainda no dia 8 de maio, \u00e0s 19h, tem in\u00edcio a programa\u00e7\u00e3o de apresenta\u00e7\u00f5es art\u00edsticas com a pe\u00e7a <em>Monocontos<\/em>, do Coletivo Meio Tempo, que promete uma experi\u00eancia potente, sens\u00edvel e cheia de significados.<\/p>\n\n\n\n<p>No dia 9, o festival contar\u00e1 com dois espet\u00e1culos. \u00c0s 16h, ser\u00e1 encenada a montagem <em>Uau<\/em>, da Cia. Buffa de Teatro, levando uma mistura de comicidade, surpresa e emo\u00e7\u00e3o, brincando com o inesperado e convidando o p\u00fablico a sentir tudo: do gargalhar ao arrepio.<\/p>\n\n\n\n<p>E \u00e0s 19h estar\u00e1 em cartaz a pe\u00e7a <em>Matraga<\/em>, do Grupo Conto em Cena, que prop\u00f5e envolver o espectador em uma trama cheia de charme, desejo e intensidade, com encena\u00e7\u00f5es repletas de conflitos, rela\u00e7\u00f5es e emo\u00e7\u00f5es \u00e0 flor da pele.<\/p>\n\n\n\n<p>Encerrando a programa\u00e7\u00e3o, no dia 10 de maio, \u00e0s 17h, ser\u00e1 levado ao palco o espet\u00e1culo infantil <em>Mas, e o que \u00e9 um Cucuruto?<\/em>. A montagem narra a hist\u00f3ria de um coelhinho teimoso que embarca em uma jornada de descobertas sobre a import\u00e2ncia da natureza, da amizade e do brincar coletivo, propondo uma experi\u00eancia m\u00e1gica, educativa e inclusiva.<\/p>\n\n\n\n<p>Os ingressos para cada sess\u00e3o custam R$ 10, devendo ser adquiridos atrav\u00e9s da plataforma Sympla, dispon\u00edvel neste link [<a href=\"https:\/\/www.sympla.com.br\/evento\/ix-utopia-festival-de-teatro-camacari-ba\/3389756\" target=\"_blank\" rel=\"noreferrer noopener\">https:\/\/www.sympla.com.br\/evento\/ix-utopia-festival-de-teatro-camacari-ba\/3389756<\/a>], com exce\u00e7\u00e3o do espet\u00e1culo <em>Uau<\/em>, que \u00e9 gratuito e n\u00e3o precisa de retirada de ingressos.<\/p>\n\n\n\n<p>O IX Utopia Festival de Teatro \u00e9 uma produ\u00e7\u00e3o do Grupo Teatral Frutos da Utopia e, no munic\u00edpio, conta com apoio da Prefeitura de Cama\u00e7ari, atrav\u00e9s da Secretaria de Cultura (Secult).<\/p>\n\n\n\n<p>O projeto, que tamb\u00e9m passa pelas cidades de Catu, Cachoeira e Governador Mangabeira, foi contemplado nos editais da Pol\u00edtica Nacional Aldir Blanc de Fomento \u00e0 Cultura na Bahia, realizados com recursos do Governo Federal repassados pelo Minist\u00e9rio da Cultura (MinC), e executados pelo Governo do Estado da Bahia, por meio da Secretaria de Cultura do Estado (Secult-BA).<\/p>\n\n\n\n<p>Foto: Diney Ara\u00fajo e Divulga\u00e7\u00e3o<\/p>\n","protected":false},"excerpt":{"rendered":"<p>Cama\u00e7ari ser\u00e1 palco para a IX edi\u00e7\u00e3o do Utopia Festival de Teatro \u2013 Arte de Ser e Resistir, que promove, entre os dias 8 e 10 de maio, no Teatro Cidade do Saber (TCS), programa\u00e7\u00e3o diversificada, reunindo quatro espet\u00e1culos, al\u00e9m de oficina cultural e palestra. A agenda ser\u00e1 aberta no dia 8, com atividades formativas<\/p>\n","protected":false},"author":5,"featured_media":75782,"comment_status":"open","ping_status":"open","sticky":false,"template":"","format":"standard","meta":{"om_disable_all_campaigns":false,"_monsterinsights_skip_tracking":false,"_monsterinsights_sitenote_active":false,"_monsterinsights_sitenote_note":"","_monsterinsights_sitenote_category":0,"footnotes":""},"categories":[44],"tags":[],"class_list":{"0":"post-75781","1":"post","2":"type-post","3":"status-publish","4":"format-standard","5":"has-post-thumbnail","7":"category-example-6"},"_links":{"self":[{"href":"https:\/\/comandogeraldanoticia.com.br\/index.php\/wp-json\/wp\/v2\/posts\/75781","targetHints":{"allow":["GET"]}}],"collection":[{"href":"https:\/\/comandogeraldanoticia.com.br\/index.php\/wp-json\/wp\/v2\/posts"}],"about":[{"href":"https:\/\/comandogeraldanoticia.com.br\/index.php\/wp-json\/wp\/v2\/types\/post"}],"author":[{"embeddable":true,"href":"https:\/\/comandogeraldanoticia.com.br\/index.php\/wp-json\/wp\/v2\/users\/5"}],"replies":[{"embeddable":true,"href":"https:\/\/comandogeraldanoticia.com.br\/index.php\/wp-json\/wp\/v2\/comments?post=75781"}],"version-history":[{"count":2,"href":"https:\/\/comandogeraldanoticia.com.br\/index.php\/wp-json\/wp\/v2\/posts\/75781\/revisions"}],"predecessor-version":[{"id":75784,"href":"https:\/\/comandogeraldanoticia.com.br\/index.php\/wp-json\/wp\/v2\/posts\/75781\/revisions\/75784"}],"wp:featuredmedia":[{"embeddable":true,"href":"https:\/\/comandogeraldanoticia.com.br\/index.php\/wp-json\/wp\/v2\/media\/75782"}],"wp:attachment":[{"href":"https:\/\/comandogeraldanoticia.com.br\/index.php\/wp-json\/wp\/v2\/media?parent=75781"}],"wp:term":[{"taxonomy":"category","embeddable":true,"href":"https:\/\/comandogeraldanoticia.com.br\/index.php\/wp-json\/wp\/v2\/categories?post=75781"},{"taxonomy":"post_tag","embeddable":true,"href":"https:\/\/comandogeraldanoticia.com.br\/index.php\/wp-json\/wp\/v2\/tags?post=75781"}],"curies":[{"name":"wp","href":"https:\/\/api.w.org\/{rel}","templated":true}]}}