{"id":75778,"date":"2026-05-01T01:29:01","date_gmt":"2026-05-01T01:29:01","guid":{"rendered":"https:\/\/comandogeraldanoticia.com.br\/?p=75778"},"modified":"2026-05-01T01:29:02","modified_gmt":"2026-05-01T01:29:02","slug":"sehab-divulga-edital-de-convocacao-para-candidatos-suplentes-do-minha-casa-minha-vida","status":"publish","type":"post","link":"https:\/\/comandogeraldanoticia.com.br\/index.php\/2026\/05\/01\/sehab-divulga-edital-de-convocacao-para-candidatos-suplentes-do-minha-casa-minha-vida\/","title":{"rendered":"Sehab divulga edital de convoca\u00e7\u00e3o para candidatos suplentes do Minha Casa, Minha Vida"},"content":{"rendered":"\n<p>A Secretaria da Habita\u00e7\u00e3o de Cama\u00e7ari (Sehab) publicou o Edital de Convoca\u00e7\u00e3o n\u00ba 02\/2026, destinado aos candidatos pr\u00e9-selecionados ao programa federal Minha Casa, Minha Vida (MCMV) \u2013 ciclo 2024\/2026. A convoca\u00e7\u00e3o refere-se \u00e0 etapa final de verifica\u00e7\u00e3o documental, que ser\u00e1 realizada entre os dias 4 e 8 de maio, de segunda a sexta-feira, das 9h \u00e0s 16h, na sede da secretaria, situada na Rua Alecrim, n\u00ba 06, Centro. O atendimento ocorrer\u00e1 por ordem de chegada.<\/p>\n\n\n\n<p>&#8220;Essa lista cont\u00e9m uma rela\u00e7\u00e3o de pessoas consideradas suplentes, isso \u00e9 previsto na legisla\u00e7\u00e3o do Minist\u00e9rio das Cidades. Quando voc\u00ea n\u00e3o consegue fechar o n\u00famero total de pessoas aptas a serem contempladas, voc\u00ea tem que convocar as pessoas que est\u00e3o na sequ\u00eancia da fila das inscri\u00e7\u00f5es, do cadastro, e \u00e9 exatamente essa lista que saiu de suplentes com um pouco mais de 70 nomes. Essas pessoas agora v\u00e3o passar pelo processo de visita\u00e7\u00e3o para preencher o n\u00famero correspondente \u00e0s unidades&#8221;, explica o secret\u00e1rio de Habita\u00e7\u00e3o, Luiz Roberto Sibi\u00e9.<\/p>\n\n\n\n<p>A fase atual tamb\u00e9m sucede um processo conduzido pelo sistema eletr\u00f4nico Sishabi (Sistema de Habita\u00e7\u00e3o), com homologa\u00e7\u00e3o da Caixa Econ\u00f4mica Federal. O procedimento assegura transpar\u00eancia, seguran\u00e7a e imparcialidade em todas as etapas. Cabe \u00e0 Caixa a responsabilidade pela sele\u00e7\u00e3o final dos benefici\u00e1rios, conforme crit\u00e9rios t\u00e9cnicos e sociais estabelecidos pelo programa, garantindo que as unidades habitacionais sejam destinadas \u00e0s fam\u00edlias que atendem aos requisitos definidos.<\/p>\n\n\n\n<p>Os empreendimentos contemplados nesta etapa correspondem aos residenciais Verdes Horizontes I e II, cada um com 192 unidades habitacionais.<\/p>\n\n\n\n<p>No ato do atendimento, os candidatos dever\u00e3o apresentar documento oficial de identifica\u00e7\u00e3o com foto e filia\u00e7\u00e3o, CPF e comprovante de estado civil \u2014 como certid\u00e3o de casamento, certid\u00e3o com averba\u00e7\u00e3o de separa\u00e7\u00e3o ou div\u00f3rcio, ou certid\u00e3o de \u00f3bito do c\u00f4njuge. Quando aplic\u00e1vel, ser\u00e1 necess\u00e1rio apresentar declara\u00e7\u00e3o de uni\u00e3o est\u00e1vel. Em casos de representa\u00e7\u00e3o por terceiros, deve ser apresentada procura\u00e7\u00e3o com firma reconhecida em cart\u00f3rio.<\/p>\n\n\n\n<p>Para pessoas com defici\u00eancia, \u00e9 obrigat\u00f3rio apresentar laudo m\u00e9dico contendo a especifica\u00e7\u00e3o da defici\u00eancia, grau ou n\u00edvel e o respectivo C\u00f3digo Internacional de Doen\u00e7as (CID). J\u00e1 as fam\u00edlias que informaram a exist\u00eancia de membro com c\u00e2ncer, doen\u00e7a rara ou cr\u00f4nica dever\u00e3o apresentar laudo m\u00e9dico atualizado que comprove a condi\u00e7\u00e3o declarada.<\/p>\n\n\n\n<p>Os candidatos que n\u00e3o forem contemplados nesta etapa permanecer\u00e3o com cadastro ativo no sistema, podendo atualiz\u00e1-lo e participar de futuras sele\u00e7\u00f5es. Dessa forma, a administra\u00e7\u00e3o municipal assegura a continuidade das oportunidades para acesso \u00e0 moradia.<\/p>\n\n\n\n<p>A Sehab reafirma o compromisso com a condu\u00e7\u00e3o \u00e9tica, transparente e respons\u00e1vel do programa, com foco na promo\u00e7\u00e3o da justi\u00e7a social e na garantia de moradia digna para a popula\u00e7\u00e3o. Para acessar a lista, publicada no Di\u00e1rio Oficial do Munic\u00edpio (DOM) n\u00b02857, de 29 de abril de 2006, clique<a href=\"https:\/\/www.camacari.ba.gov.br\/wp-content\/uploads\/2026\/04\/diario-2857-2o-caderno.certificado.pdf\" target=\"_blank\" rel=\"noreferrer noopener\"> <strong>aqui<\/strong><\/a>.<\/p>\n\n\n\n<p>Foto: Patrick Abreu<\/p>\n","protected":false},"excerpt":{"rendered":"<p>A Secretaria da Habita\u00e7\u00e3o de Cama\u00e7ari (Sehab) publicou o Edital de Convoca\u00e7\u00e3o n\u00ba 02\/2026, destinado aos candidatos pr\u00e9-selecionados ao programa federal Minha Casa, Minha Vida (MCMV) \u2013 ciclo 2024\/2026. A convoca\u00e7\u00e3o refere-se \u00e0 etapa final de verifica\u00e7\u00e3o documental, que ser\u00e1 realizada entre os dias 4 e 8 de maio, de segunda a sexta-feira, das 9h<\/p>\n","protected":false},"author":5,"featured_media":75779,"comment_status":"open","ping_status":"open","sticky":false,"template":"","format":"standard","meta":{"om_disable_all_campaigns":false,"_monsterinsights_skip_tracking":false,"_monsterinsights_sitenote_active":false,"_monsterinsights_sitenote_note":"","_monsterinsights_sitenote_category":0,"footnotes":""},"categories":[43],"tags":[],"class_list":{"0":"post-75778","1":"post","2":"type-post","3":"status-publish","4":"format-standard","5":"has-post-thumbnail","7":"category-economia"},"_links":{"self":[{"href":"https:\/\/comandogeraldanoticia.com.br\/index.php\/wp-json\/wp\/v2\/posts\/75778","targetHints":{"allow":["GET"]}}],"collection":[{"href":"https:\/\/comandogeraldanoticia.com.br\/index.php\/wp-json\/wp\/v2\/posts"}],"about":[{"href":"https:\/\/comandogeraldanoticia.com.br\/index.php\/wp-json\/wp\/v2\/types\/post"}],"author":[{"embeddable":true,"href":"https:\/\/comandogeraldanoticia.com.br\/index.php\/wp-json\/wp\/v2\/users\/5"}],"replies":[{"embeddable":true,"href":"https:\/\/comandogeraldanoticia.com.br\/index.php\/wp-json\/wp\/v2\/comments?post=75778"}],"version-history":[{"count":1,"href":"https:\/\/comandogeraldanoticia.com.br\/index.php\/wp-json\/wp\/v2\/posts\/75778\/revisions"}],"predecessor-version":[{"id":75780,"href":"https:\/\/comandogeraldanoticia.com.br\/index.php\/wp-json\/wp\/v2\/posts\/75778\/revisions\/75780"}],"wp:featuredmedia":[{"embeddable":true,"href":"https:\/\/comandogeraldanoticia.com.br\/index.php\/wp-json\/wp\/v2\/media\/75779"}],"wp:attachment":[{"href":"https:\/\/comandogeraldanoticia.com.br\/index.php\/wp-json\/wp\/v2\/media?parent=75778"}],"wp:term":[{"taxonomy":"category","embeddable":true,"href":"https:\/\/comandogeraldanoticia.com.br\/index.php\/wp-json\/wp\/v2\/categories?post=75778"},{"taxonomy":"post_tag","embeddable":true,"href":"https:\/\/comandogeraldanoticia.com.br\/index.php\/wp-json\/wp\/v2\/tags?post=75778"}],"curies":[{"name":"wp","href":"https:\/\/api.w.org\/{rel}","templated":true}]}}