{"id":75774,"date":"2026-05-01T01:25:07","date_gmt":"2026-05-01T01:25:07","guid":{"rendered":"https:\/\/comandogeraldanoticia.com.br\/?p=75774"},"modified":"2026-05-01T01:25:19","modified_gmt":"2026-05-01T01:25:19","slug":"sejuv-apresenta-estrutura-da-2a-corrida-da-classe-trabalhadora-para-sindicatos","status":"publish","type":"post","link":"https:\/\/comandogeraldanoticia.com.br\/index.php\/2026\/05\/01\/sejuv-apresenta-estrutura-da-2a-corrida-da-classe-trabalhadora-para-sindicatos\/","title":{"rendered":"Sejuv apresenta estrutura da 2\u00aa Corrida da Classe Trabalhadora para sindicatos"},"content":{"rendered":"\n<p>Por entender que sindicatos representam os trabalhadores, a gest\u00e3o municipal fez uma apresenta\u00e7\u00e3o da estrutura da 2\u00aa Corrida da Classe Trabalhadora de Cama\u00e7ari, nesta quarta-feira (29), na Secretaria da Infraestrutura (Seinfra). O momento foi conduzido pela Secretaria de Esporte, Lazer e Juventude (Sejuv), que apresentou as novidades da edi\u00e7\u00e3o.<\/p>\n\n\n\n<p>O prefeito Luiz Caetano relembrou a import\u00e2ncia do trabalhador para Cama\u00e7ari. \u201cN\u00f3s somos um munic\u00edpio da classe trabalhadora, e quero me colocar \u00e0 disposi\u00e7\u00e3o para conversar mais, dialogar mais\u201d, afirmou.<\/p>\n\n\n\n<p>A corrida ser\u00e1 realizada em homenagem ao Dia do Trabalhador, comemorado em 1\u00ba de maio. \u201cO munic\u00edpio est\u00e1 casado com esse sistema de que o trabalhador \u00e9 importante, de que a cidade n\u00e3o cresce se o trabalhador n\u00e3o estiver feliz. E esse dia \u00e9 o dia da gente comemorar junto com o trabalhador do munic\u00edpio\u201d, afirmou o titular da Sejuv, T\u00e9o Ribeiro.<\/p>\n\n\n\n<p>Os sindicatos d\u00e3o apoio institucional ao evento e o presidente do Sindborracha, Josu\u00e9 Pereira, destacou essa rela\u00e7\u00e3o. \u201cSa\u00edmos da reuni\u00e3o, que foi positiva, onde o prefeito garantiu o evento, que ser\u00e1 uma corrida que vai acontecer pela segunda edi\u00e7\u00e3o. E esse ano com novidade, ser\u00e1 disponibilizado kit pela Secretaria de Esporte para os trabalhadores e os atletas de Cama\u00e7ari que gostam de correr\u201d, finalizou.<\/p>\n\n\n\n<p>Foto: William Rocha<\/p>\n","protected":false},"excerpt":{"rendered":"<p>Por entender que sindicatos representam os trabalhadores, a gest\u00e3o municipal fez uma apresenta\u00e7\u00e3o da estrutura da 2\u00aa Corrida da Classe Trabalhadora de Cama\u00e7ari, nesta quarta-feira (29), na Secretaria da Infraestrutura (Seinfra). O momento foi conduzido pela Secretaria de Esporte, Lazer e Juventude (Sejuv), que apresentou as novidades da edi\u00e7\u00e3o. O prefeito Luiz Caetano relembrou a<\/p>\n","protected":false},"author":5,"featured_media":75775,"comment_status":"open","ping_status":"open","sticky":false,"template":"","format":"standard","meta":{"om_disable_all_campaigns":false,"_monsterinsights_skip_tracking":false,"_monsterinsights_sitenote_active":false,"_monsterinsights_sitenote_note":"","_monsterinsights_sitenote_category":0,"footnotes":""},"categories":[40],"tags":[],"class_list":{"0":"post-75774","1":"post","2":"type-post","3":"status-publish","4":"format-standard","5":"has-post-thumbnail","7":"category-camacari"},"_links":{"self":[{"href":"https:\/\/comandogeraldanoticia.com.br\/index.php\/wp-json\/wp\/v2\/posts\/75774","targetHints":{"allow":["GET"]}}],"collection":[{"href":"https:\/\/comandogeraldanoticia.com.br\/index.php\/wp-json\/wp\/v2\/posts"}],"about":[{"href":"https:\/\/comandogeraldanoticia.com.br\/index.php\/wp-json\/wp\/v2\/types\/post"}],"author":[{"embeddable":true,"href":"https:\/\/comandogeraldanoticia.com.br\/index.php\/wp-json\/wp\/v2\/users\/5"}],"replies":[{"embeddable":true,"href":"https:\/\/comandogeraldanoticia.com.br\/index.php\/wp-json\/wp\/v2\/comments?post=75774"}],"version-history":[{"count":2,"href":"https:\/\/comandogeraldanoticia.com.br\/index.php\/wp-json\/wp\/v2\/posts\/75774\/revisions"}],"predecessor-version":[{"id":75777,"href":"https:\/\/comandogeraldanoticia.com.br\/index.php\/wp-json\/wp\/v2\/posts\/75774\/revisions\/75777"}],"wp:featuredmedia":[{"embeddable":true,"href":"https:\/\/comandogeraldanoticia.com.br\/index.php\/wp-json\/wp\/v2\/media\/75775"}],"wp:attachment":[{"href":"https:\/\/comandogeraldanoticia.com.br\/index.php\/wp-json\/wp\/v2\/media?parent=75774"}],"wp:term":[{"taxonomy":"category","embeddable":true,"href":"https:\/\/comandogeraldanoticia.com.br\/index.php\/wp-json\/wp\/v2\/categories?post=75774"},{"taxonomy":"post_tag","embeddable":true,"href":"https:\/\/comandogeraldanoticia.com.br\/index.php\/wp-json\/wp\/v2\/tags?post=75774"}],"curies":[{"name":"wp","href":"https:\/\/api.w.org\/{rel}","templated":true}]}}