{"id":75771,"date":"2026-05-01T01:21:10","date_gmt":"2026-05-01T01:21:10","guid":{"rendered":"https:\/\/comandogeraldanoticia.com.br\/?p=75771"},"modified":"2026-05-01T01:21:11","modified_gmt":"2026-05-01T01:21:11","slug":"concerto-da-osba-encanta-alunos-da-rede-publica-municipal-de-camacari","status":"publish","type":"post","link":"https:\/\/comandogeraldanoticia.com.br\/index.php\/2026\/05\/01\/concerto-da-osba-encanta-alunos-da-rede-publica-municipal-de-camacari\/","title":{"rendered":"Concerto da OSBA encanta alunos da rede p\u00fablica municipal de Cama\u00e7ari"},"content":{"rendered":"\n<p>A m\u00fasica chegou antes mesmo do sil\u00eancio se acomodar por completo. Na tarde desta quarta-feira (29), o Teatro Cidade do Saber (TCS) se transformou em um espa\u00e7o de escuta, descoberta e forma\u00e7\u00e3o. Com o concerto \u201cPedro e o Lobo\u201d, a Orquestra Sinf\u00f4nica da Bahia (OSBA) retornou a Cama\u00e7ari, em uma iniciativa que evidencia o papel da gest\u00e3o municipal na amplia\u00e7\u00e3o do acesso \u00e0 cultura e na constru\u00e7\u00e3o de novas experi\u00eancias.<\/p>\n\n\n\n<p>Na plateia, a presen\u00e7a de estudantes da rede p\u00fablica municipal tamb\u00e9m refor\u00e7ou o car\u00e1ter formativo da iniciativa. Atentos e curiosos, eles acompanharam cada momento como quem descobre novos sentidos. \u201cEu achei interessante a m\u00fasica contando uma hist\u00f3ria legal. Deu para imaginar tudo\u201d, compartilhou Daniel Lima, de 10 anos, da Escola Municipal Concei\u00e7\u00e3o de Maria.<\/p>\n\n\n\n<p>Tamb\u00e9m da Escola Concei\u00e7\u00e3o de Maria, a estudante Maria Elisa, 10 anos, que assistia \u00e0 apresenta\u00e7\u00e3o de uma orquestra pela primeira vez, falou sobre a emo\u00e7\u00e3o do momento. \u201cEu amei, fiquei encantada, quero que tenha mais vezes porque foi lindo e bem divertido\u201d, comentou.<\/p>\n\n\n\n<p>Sob a reg\u00eancia do maestro Eduardo Salazar e com a narra\u00e7\u00e3o do ator, poeta e locutor Daniel Farias, o espet\u00e1culo conduziu o p\u00fablico por uma narrativa onde a m\u00fasica assume o papel de linguagem principal. Na obra do compositor russo Serguei Prokofiev, cada instrumento representa um personagem, transformando a escuta em um exerc\u00edcio de imagina\u00e7\u00e3o e aprendizado \u2014 especialmente para o p\u00fablico infantil.<\/p>\n\n\n\n<p>\u201cQue alegria estar aqui em Cama\u00e7ari. Levar arte para diferentes cidades da Bahia \u00e9 nossa miss\u00e3o, uma forma de aproximar a m\u00fasica das pessoas. E quando encontramos um munic\u00edpio comprometido com esse acesso, o impacto \u00e9 ainda maior. Foi lindo ver os olhinhos de cada crian\u00e7a brilhando\u201d, celebrou o maestro Eduardo Salazar.<\/p>\n\n\n\n<p>A apresenta\u00e7\u00e3o integra o projeto \u201cOSBA na Estrada\u201d, que percorre munic\u00edpios levando a m\u00fasica sinf\u00f4nica a p\u00fablicos diversos. Em Cama\u00e7ari, a a\u00e7\u00e3o se insere em um contexto de fortalecimento das pol\u00edticas culturais, que buscam n\u00e3o apenas promover eventos, mas garantir que a arte esteja ao alcance das pessoas, de forma cont\u00ednua e significativa.<\/p>\n\n\n\n<p>Foto: Juliano Sarraf<\/p>\n","protected":false},"excerpt":{"rendered":"<p>A m\u00fasica chegou antes mesmo do sil\u00eancio se acomodar por completo. Na tarde desta quarta-feira (29), o Teatro Cidade do Saber (TCS) se transformou em um espa\u00e7o de escuta, descoberta e forma\u00e7\u00e3o. Com o concerto \u201cPedro e o Lobo\u201d, a Orquestra Sinf\u00f4nica da Bahia (OSBA) retornou a Cama\u00e7ari, em uma iniciativa que evidencia o papel<\/p>\n","protected":false},"author":5,"featured_media":75772,"comment_status":"open","ping_status":"open","sticky":false,"template":"","format":"standard","meta":{"om_disable_all_campaigns":false,"_monsterinsights_skip_tracking":false,"_monsterinsights_sitenote_active":false,"_monsterinsights_sitenote_note":"","_monsterinsights_sitenote_category":0,"footnotes":""},"categories":[40],"tags":[],"class_list":{"0":"post-75771","1":"post","2":"type-post","3":"status-publish","4":"format-standard","5":"has-post-thumbnail","7":"category-camacari"},"_links":{"self":[{"href":"https:\/\/comandogeraldanoticia.com.br\/index.php\/wp-json\/wp\/v2\/posts\/75771","targetHints":{"allow":["GET"]}}],"collection":[{"href":"https:\/\/comandogeraldanoticia.com.br\/index.php\/wp-json\/wp\/v2\/posts"}],"about":[{"href":"https:\/\/comandogeraldanoticia.com.br\/index.php\/wp-json\/wp\/v2\/types\/post"}],"author":[{"embeddable":true,"href":"https:\/\/comandogeraldanoticia.com.br\/index.php\/wp-json\/wp\/v2\/users\/5"}],"replies":[{"embeddable":true,"href":"https:\/\/comandogeraldanoticia.com.br\/index.php\/wp-json\/wp\/v2\/comments?post=75771"}],"version-history":[{"count":1,"href":"https:\/\/comandogeraldanoticia.com.br\/index.php\/wp-json\/wp\/v2\/posts\/75771\/revisions"}],"predecessor-version":[{"id":75773,"href":"https:\/\/comandogeraldanoticia.com.br\/index.php\/wp-json\/wp\/v2\/posts\/75771\/revisions\/75773"}],"wp:featuredmedia":[{"embeddable":true,"href":"https:\/\/comandogeraldanoticia.com.br\/index.php\/wp-json\/wp\/v2\/media\/75772"}],"wp:attachment":[{"href":"https:\/\/comandogeraldanoticia.com.br\/index.php\/wp-json\/wp\/v2\/media?parent=75771"}],"wp:term":[{"taxonomy":"category","embeddable":true,"href":"https:\/\/comandogeraldanoticia.com.br\/index.php\/wp-json\/wp\/v2\/categories?post=75771"},{"taxonomy":"post_tag","embeddable":true,"href":"https:\/\/comandogeraldanoticia.com.br\/index.php\/wp-json\/wp\/v2\/tags?post=75771"}],"curies":[{"name":"wp","href":"https:\/\/api.w.org\/{rel}","templated":true}]}}